{"id":2679,"date":"2018-02-22T10:24:07","date_gmt":"2018-02-22T09:24:07","guid":{"rendered":"http:\/\/www.sick-stiftung.org\/ges\/?p=2679"},"modified":"2019-05-02T11:43:27","modified_gmt":"2019-05-02T09:43:27","slug":"mathe-tueftler-innen-ausgezeichnet","status":"publish","type":"post","link":"https:\/\/www.sick-stiftung.org\/ges\/mathe-tueftler-innen-ausgezeichnet\/","title":{"rendered":"Mathe-T\u00fcftler*innen ausgezeichnet"},"content":{"rendered":"<div class=\"fusion-fullwidth fullwidth-box fusion-builder-row-1 nonhundred-percent-fullwidth non-hundred-percent-height-scrolling\" style=\"background-color: rgba(255,255,255,0);background-position: center center;background-repeat: no-repeat;padding-top:0px;padding-right:0px;padding-bottom:0px;padding-left:0px;margin-bottom: 0px;margin-top: 0px;border-width: 0px 0px 0px 0px;border-color:#eae9e9;border-style:solid;\" ><div class=\"fusion-builder-row fusion-row\"><div class=\"fusion-layout-column fusion_builder_column fusion-builder-column-0 fusion_builder_column_1_1 1_1 fusion-one-full fusion-column-first fusion-column-last\" style=\"margin-top:0px;margin-bottom:0px;\"><div class=\"fusion-column-wrapper fusion-flex-column-wrapper-legacy\" style=\"background-position:left top;background-repeat:no-repeat;-webkit-background-size:cover;-moz-background-size:cover;-o-background-size:cover;background-size:cover;padding: 0px 0px 0px 0px;\"><div class=\"fusion-text fusion-text-1\" style=\"transform:translate3d(0,0,0);\"><p>Der erste regionale Wettbewerb von \u201eMathe im Advent\u201c war dank der Unterst\u00fctzung der Gisela und Erwin Sick Stiftung ein voller Erfolg. Mehr als 160 Sch\u00fcler*innen und Lehrkr\u00e4fte aus S\u00fcdbaden wurden am Freitag, 23. Februar 2018, im Rahmen einer unterhaltsamen Preisverleihung im Gisela Sick Bildungshaus in Waldkirch ausgezeichnet.<\/p>\n<p>Der digitale Mathe-Adventskalender \u201eMathe im Advent 2017\u201c begeisterte bundesweit mehr als 132.000 Sch\u00fcler*innen. Im Regierungsbezirk Freiburg gingen an 109 Schulen insgesamt 398 Klassen mit 4.747 T\u00fcftler*innen ins Rennen \u2013 damit nahmen vier Mal so viele Klassen wie im Vorjahr teil. Zu dieser s\u00fcdbadischen Rekordbeteiligung beigetragen hat die Gisela und Erwin Sick Stiftung mit Sitz in Freiburg, die das bundesweite Projekt bereits seit 2015 unterst\u00fctzt. Im vergangenen Jahr \u00fcbernahm sie erstmals zus\u00e4tzlich die Teilnahmegeb\u00fchr f\u00fcr alle Schulen im Regierungsbezirk Freiburg. So konnten neben den Einzelspieler*innen auch alle Klassen aller Schulformen beim Mathe-Adventskalender f\u00fcr die Klassenstufen 4-6 und 7-9 in den Postleitzahlregionen 77x, 78x, 79x kostenlos mitspielen. Unter dem Motto \u201eMathe ist mehr als Rechnen\u201c stand vom 1. bis 24. Dezember 2017 t\u00e4glich eine spannende Aufgabe bereit, welche die mathematische Kreativit\u00e4t der Teilnehmer*innen f\u00f6rdern und herausfordern sollte.<\/p>\n<h3>Unterhaltsame Preisverleihung<\/h3>\n<p>Im regionalen Wettbewerb in S\u00fcdbaden haben sich von den 109 teilnehmenden Schulen 26 Schulen erfolgreich geschlagen und in den unterschiedlichsten Preiskategorien gewonnen. Zur Auszeichnung luden die Gisela und Erwin Sick Stiftung gemeinsam mit der Mathe im Leben gemeinn\u00fctzige GmbH, die \u201eMathe im Advent\u201c ausrichtet, in das Gisela Sick Bildungshaus in Waldkirch ein. Mehr als 160 Sch\u00fcler*innen und Lehrkr\u00e4fte aus den Regionen S\u00fcdlicher Oberrhein, Schwarzwald-Baar und Hochrhein-Bodensee wurden im Rahmen einer unterhaltsamen Preisverleihung geehrt. Gisela Sick, die Vorsitzende des Stiftungsrats, begr\u00fc\u00dfte die G\u00e4ste pers\u00f6nlich. Franz Bausch, Gesch\u00e4ftsf\u00fchrer der Sick Stiftungs GmbH, zeigte sich erfreut dar\u00fcber, dass die Stiftung mit ihrer F\u00f6rderung so viele Sch\u00fclerinnen und Sch\u00fcler zur Teilnahme an \u201eMathe im Advent\u201c motivieren konnte. Damit erf\u00fclle das Projekt ein gro\u00dfes Anliegen von Gisela Sick, n\u00e4mlich jungen Menschen eine gute Schulausbildung zu erm\u00f6glichen und zugleich auch ihr Interesse f\u00fcr die sogenannten MINT-F\u00e4cher (Mathematik, Informatik, Naturwissenschaften und Technik) zu wecken.<\/p>\n<p>Mit dieser Zielsetzung wird ab der Jahresmitte auch das von der Stiftung gef\u00f6rderte Sch\u00fclerforschungszentrum Region Freiburg im benachbarten Georg-Scholz-Haus an den Start gehen, berichtete Benno Bohn im Vorstand des Tr\u00e4gervereins und Konzernausbildungsleiter der SICK AG. Durch die Preisverleihung f\u00fchrten Stephanie Schiemann und Robert W\u00f6stenfeld. Die beiden Organisatoren von \u201eMathe im Advent\u201c waren eigens aus Berlin angereist. Gemeinsam mit Renate Sick-Glaser, Vorsitzende des Vorstands der Gisela und Erwin Sick Stiftung, und Professor J\u00fcrgen Werner, Mitglied des Stiftungsrats, \u00fcberreichten sie den Gewinnerinnen und Gewinnern Urkunden und attraktive Preise aus der Verlags- und Spiele-Branche unter anderem Mathematikkoffer, Geobretter, Mathe-B\u00fccher und -Kalender sowie weitere Mathe-T\u00fcfteleien. Zur Abwechslung wurde auch auf der B\u00fchne bei \u201eWer wird Mathe-Million\u00e4r\u201c kr\u00e4ftig weiter geknobelt. Anna Wachenfels und Paolo Brenzinger von der St\u00e4dtischen Musikschule Waldkirch sorgten f\u00fcr eine gelungene musikalische Begr\u00fc\u00dfung der G\u00e4ste.<\/p>\n<p>Professor Dr. Frank Loose vom Pr\u00e4sidium der Deutschen Mathematiker-Vereinigung reiste extra aus T\u00fcbingen an, um lobende Worte f\u00fcr alle Beteiligten auszusprechen: \u201eDie spielerischen Aufgaben von \u201eMathe im Advent\u201c eignen sich fantastisch, um junge Menschen f\u00fcr die Mathematik zu begeistern. Sie zeigen Anwendungen der Mathematik und stellen so den Bezug des Faches zum Alltag her. Au\u00dferdem machen sie einfach Spa\u00df!\u201c<\/p>\n<\/div><div class=\"fusion-text fusion-text-2\" style=\"transform:translate3d(0,0,0);\"><h3>Die besten Schulen und Klassen<\/h3>\n<\/p>\n<div class=\"table-1\">\n<table width=\"100%\">\n<tbody>\n<tr>\n<td style=\"vertical-align: middle;\" align=\"left\"><b>Siegerliste nach Preisen sortiert hier downloaden:<\/b><\/td>\n<td style=\"vertical-align: middle;\" align=\"left\"><a href=\"https:\/\/www.sick-stiftung.org\/ges\/wp-content\/uploads\/2018\/02\/Gewinner-Mathe-im-Advent-regionale-Preisverleihung-23-02-2018-nach-Preisen.pdf\"><img src=\"https:\/\/www.sick-stiftung.org\/ges\/wp-content\/uploads\/2017\/05\/pdf-225x225.png\" alt=\"\" width=\"39\" height=\"44\" \/><\/a><a href=\"https:\/\/www.sick-stiftung.org\/ges\/wp-content\/uploads\/2018\/02\/Gewinner-Mathe-im-Advent-regionale-Preisverleihung-23-02-2018-nach-Preisen.pdf\">Mathe im Advent \u2013 Siegerliste nach Preisen<\/a><\/td>\n<\/tr>\n<tr>\n<td style=\"vertical-align: middle;\" align=\"left\"><b>Siegerliste nach Regionen sortiert hier downloaden:<\/b><\/td>\n<td style=\"vertical-align: middle;\" align=\"left\"><a href=\"https:\/\/www.sick-stiftung.org\/ges\/wp-content\/uploads\/2018\/02\/Gewinner-Mathe-im-Advent-regionale-Preisverleihung-23-02-2018-nach-Regionen.pdf\"><img src=\"https:\/\/www.sick-stiftung.org\/ges\/wp-content\/uploads\/2017\/05\/pdf-225x225.png\" alt=\"\" width=\"39\" height=\"44\" \/><\/a><a href=\"https:\/\/www.sick-stiftung.org\/ges\/wp-content\/uploads\/2018\/02\/Gewinner-Mathe-im-Advent-regionale-Preisverleihung-23-02-2018-nach-Regionen.pdf\">Mathe im Advent \u2013 Siegerliste nach Regionen<\/a><\/td>\n<\/tr>\n<\/tbody>\n<\/table>\n<\/div>\n<p>\n<h3>\u00dcber Mathe im Advent<\/h3>\n<p>Der digitale Mathe-Adventskalender \u201eMathe im Advent\u201c wird von der Mathe im Leben gemeinn\u00fctzigen GmbH in Kooperation mit der Deutschen Mathematiker-Vereinigung ausgerichtet. Mit j\u00e4hrlich mehr als 130.000 Sch\u00fclerinnen und Sch\u00fclern ist er einer der gr\u00f6\u00dften Mathematikwettbewerbe in Deutschland. Er ist f\u00fcr alle Sch\u00fclerinnen und Sch\u00fcler der Grund- und Mittelstufe (Klassenstufen 4-6 und 7-9) konzipiert \u2013 auch f\u00fcr diejenigen, die Mathematik (noch) nicht zu ihren Lieblingsf\u00e4chern z\u00e4hlen. Sie k\u00f6nnen allein im \u201eEinzelspiel\u201c und auch gemeinsam mit der Klasse im \u201eKlassenspiel\u201c teilnehmen. Die Aufgaben sind kleine Geschichten. Sie spielen im Wichteldorf am Nordpol, welches von Jahr zu Jahr w\u00e4chst und den Kindern so Ankn\u00fcpfungspunkte sowie Neuentdeckungen bietet. \u201eMathe im Advent\u201c f\u00f6rdert mathematisches Entdecken, logisches Denken und kreatives Probleml\u00f6sen, wobei der Spa\u00df im Vordergrund steht. Ausf\u00fchrliche L\u00f6sungen und der \u201eBlick \u00fcber den Tellerrand\u201c erkl\u00e4ren am n\u00e4chsten Tag, was warum richtig war und wof\u00fcr man diese Anwendungen im Leben braucht.<\/p>\n<p>\u201eMathe im Advent\u201c steht unter der Schirmherrschaft der amtierenden Bundes-bildungsminsterin Prof. Dr. Johanna Wanka.<\/p>\n<\/div><div class=\"fusion-sep-clear\"><\/div><div class=\"fusion-separator fusion-full-width-sep\" style=\"margin-left: auto;margin-right: auto;margin-top:50px;margin-bottom:0px;width:100%;\"><\/div><div class=\"fusion-sep-clear\"><\/div>\n<div class=\"table-1\">\n<table width=\"100%\">\n<tbody>\n<tr>\n<td style=\"vertical-align: middle;\" align=\"left\"><b>Presseinformation hier downloaden:<\/b><\/td>\n<td style=\"vertical-align: middle;\" align=\"left\"><a href=\"https:\/\/www.sick-stiftung.org\/ges\/wp-content\/uploads\/2018\/02\/Presseinformation-Mathe-im-Advent-Preisverleihung-23-02-2018-final.pdf\"><img src=\"https:\/\/www.sick-stiftung.org\/ges\/wp-content\/uploads\/2017\/05\/pdf-225x225.png\" alt=\"\" width=\"39\" height=\"44\" \/><\/a><a href=\"https:\/\/www.sick-stiftung.org\/ges\/wp-content\/uploads\/2018\/02\/Presseinformation-Mathe-im-Advent-Preisverleihung-23-02-2018-final.pdf\">Mathe im Advent \u2013 Presseinformation<\/a><\/td>\n<\/tr>\n<\/tbody>\n<\/table>\n<\/div>\n<div class=\"fusion-sep-clear\"><\/div><div class=\"fusion-separator fusion-full-width-sep\" style=\"margin-left: auto;margin-right: auto;margin-top:50px;margin-bottom:0px;width:100%;\"><\/div><div class=\"fusion-sep-clear\"><\/div><div class=\"fusion-text fusion-text-3\" style=\"transform:translate3d(0,0,0);\"><p><b>Zum Download der Fotos gew\u00fcnschtes Bild anklicken. Rechtsklick ins Bild und \u201eBild speichern unter \u2026\u201c<\/b><\/p>\n<\/div><div class=\"fusion-tabs fusion-tabs-1 classic nav-not-justified horizontal-tabs icon-position-left\"><style type=\"text\/css\">.fusion-tabs.fusion-tabs-1 .nav-tabs li a.tab-link{border-top-color:#ebeaea;background-color:#ebeaea;}.fusion-tabs.fusion-tabs-1 .nav-tabs{background-color:#ffffff;}.fusion-tabs.fusion-tabs-1 .nav-tabs li.active a.tab-link,.fusion-tabs.fusion-tabs-1 .nav-tabs li.active a.tab-link:hover,.fusion-tabs.fusion-tabs-1 .nav-tabs li.active a.tab-link:focus{border-right-color:#ffffff;}.fusion-tabs.fusion-tabs-1 .nav-tabs li.active a.tab-link,.fusion-tabs.fusion-tabs-1 .nav-tabs li.active a.tab-link:hover,.fusion-tabs.fusion-tabs-1 .nav-tabs li.active a.tab-link:focus{background-color:#ffffff;}.fusion-tabs.fusion-tabs-1 .nav-tabs li a:hover{background-color:#ffffff;border-top-color:#ffffff;}.fusion-tabs.fusion-tabs-1 .tab-pane{background-color:#ffffff;}.fusion-tabs.fusion-tabs-1 .nav,.fusion-tabs.fusion-tabs-1 .nav-tabs,.fusion-tabs.fusion-tabs-1 .tab-content .tab-pane{border-color:#ebeaea;}<\/style><div class=\"nav\"><ul class=\"nav-tabs\" role=\"tablist\"><li class=\"active\"><a class=\"tab-link\" data-toggle=\"tab\" role=\"tab\" aria-controls=\"tab-5e812357202b169b997\" aria-selected=\"true\" id=\"fusion-tab-preistr\u00e4ger\" href=\"#tab-5e812357202b169b997\"><h4 class=\"fusion-tab-heading\">Preistr\u00e4ger<\/h4><\/a><\/li><li><a class=\"tab-link\" data-toggle=\"tab\" role=\"tab\" aria-controls=\"tab-b37f58c4712be3e3160\" aria-selected=\"false\" tabindex=\"-1\" id=\"fusion-tab-impressionen\" href=\"#tab-b37f58c4712be3e3160\"><h4 class=\"fusion-tab-heading\">Impressionen<\/h4><\/a><\/li><\/ul><\/div><div class=\"tab-content\"><div class=\"nav fusion-mobile-tab-nav\"><ul class=\"nav-tabs\"><li class=\"active\"><a class=\"tab-link\" data-toggle=\"tab\" role=\"tab\" aria-controls=\"tab-5e812357202b169b997\" aria-selected=\"true\" id=\"mobile-fusion-tab-preistr\u00e4ger\" href=\"#tab-5e812357202b169b997\"><h4 class=\"fusion-tab-heading\">Preistr\u00e4ger<\/h4><\/a><\/li><\/ul><\/div><div class=\"tab-pane fade fusion-clearfix in active\" role=\"tabpanel\" tabindex=\"0\" aria-labelledby=\"fusion-tab-preistr\u00e4ger\" id=\"tab-5e812357202b169b997\">\n\n\t\t<style type=\"text\/css\">\n\t\t\t#gallery-1 {\n\t\t\t\tmargin: auto;\n\t\t\t}\n\t\t\t#gallery-1 .gallery-item {\n\t\t\t\tfloat: left;\n\t\t\t\tmargin-top: 10px;\n\t\t\t\ttext-align: center;\n\t\t\t\twidth: 25%;\n\t\t\t}\n\t\t\t#gallery-1 img {\n\t\t\t\tborder: 2px solid #cfcfcf;\n\t\t\t}\n\t\t\t#gallery-1 .gallery-caption {\n\t\t\t\tmargin-left: 0;\n\t\t\t}\n\t\t\t\/* see gallery_shortcode() in wp-includes\/media.php *\/\n\t\t<\/style>\n\t\t<div id='gallery-1' class='gallery galleryid-2679 gallery-columns-4 gallery-size-full'><dl class='gallery-item'>\n\t\t\t<dt class='gallery-icon landscape'>\n\t\t\t\t<a data-rel=\"iLightbox[postimages]\" data-title=\"Mathe-im-Advent-Alexander-von-Humboldt-Gymnasium-Konstanz-Kl9e-Platz1-Beste-Klasse-Jahrgangsstufe-9\" data-caption=\"\" href='https:\/\/www.sick-stiftung.org\/ges\/wp-content\/uploads\/2018\/02\/Mathe-im-Advent-Alexander-von-Humboldt-Gymnasium-Konstanz-Kl9e-Platz1-Beste-Klasse-Jahrgangsstufe-9.jpg'><img width=\"1280\" height=\"853\" src=\"https:\/\/www.sick-stiftung.org\/ges\/wp-content\/uploads\/2018\/02\/Mathe-im-Advent-Alexander-von-Humboldt-Gymnasium-Konstanz-Kl9e-Platz1-Beste-Klasse-Jahrgangsstufe-9.jpg\" class=\"attachment-full size-full\" alt=\"\" srcset=\"https:\/\/www.sick-stiftung.org\/ges\/wp-content\/uploads\/2018\/02\/Mathe-im-Advent-Alexander-von-Humboldt-Gymnasium-Konstanz-Kl9e-Platz1-Beste-Klasse-Jahrgangsstufe-9-200x133.jpg 200w, https:\/\/www.sick-stiftung.org\/ges\/wp-content\/uploads\/2018\/02\/Mathe-im-Advent-Alexander-von-Humboldt-Gymnasium-Konstanz-Kl9e-Platz1-Beste-Klasse-Jahrgangsstufe-9-338x225.jpg 338w, https:\/\/www.sick-stiftung.org\/ges\/wp-content\/uploads\/2018\/02\/Mathe-im-Advent-Alexander-von-Humboldt-Gymnasium-Konstanz-Kl9e-Platz1-Beste-Klasse-Jahrgangsstufe-9-400x267.jpg 400w, https:\/\/www.sick-stiftung.org\/ges\/wp-content\/uploads\/2018\/02\/Mathe-im-Advent-Alexander-von-Humboldt-Gymnasium-Konstanz-Kl9e-Platz1-Beste-Klasse-Jahrgangsstufe-9-600x400.jpg 600w, https:\/\/www.sick-stiftung.org\/ges\/wp-content\/uploads\/2018\/02\/Mathe-im-Advent-Alexander-von-Humboldt-Gymnasium-Konstanz-Kl9e-Platz1-Beste-Klasse-Jahrgangsstufe-9-768x512.jpg 768w, https:\/\/www.sick-stiftung.org\/ges\/wp-content\/uploads\/2018\/02\/Mathe-im-Advent-Alexander-von-Humboldt-Gymnasium-Konstanz-Kl9e-Platz1-Beste-Klasse-Jahrgangsstufe-9-800x533.jpg 800w, https:\/\/www.sick-stiftung.org\/ges\/wp-content\/uploads\/2018\/02\/Mathe-im-Advent-Alexander-von-Humboldt-Gymnasium-Konstanz-Kl9e-Platz1-Beste-Klasse-Jahrgangsstufe-9-1024x682.jpg 1024w, https:\/\/www.sick-stiftung.org\/ges\/wp-content\/uploads\/2018\/02\/Mathe-im-Advent-Alexander-von-Humboldt-Gymnasium-Konstanz-Kl9e-Platz1-Beste-Klasse-Jahrgangsstufe-9-1200x800.jpg 1200w, https:\/\/www.sick-stiftung.org\/ges\/wp-content\/uploads\/2018\/02\/Mathe-im-Advent-Alexander-von-Humboldt-Gymnasium-Konstanz-Kl9e-Platz1-Beste-Klasse-Jahrgangsstufe-9.jpg 1280w\" sizes=\"(max-width: 1280px) 100vw, 1280px\" \/><\/a>\n\t\t\t<\/dt><\/dl><dl class='gallery-item'>\n\t\t\t<dt class='gallery-icon landscape'>\n\t\t\t\t<a data-rel=\"iLightbox[postimages]\" data-title=\"Mathe-im-Advent-Carl-Ludwig-Magon-Schule-Kl4-Affen-Platz2-Beste-Klasse-Jahrgangsstufe-4\" data-caption=\"\" href='https:\/\/www.sick-stiftung.org\/ges\/wp-content\/uploads\/2018\/02\/Mathe-im-Advent-Carl-Ludwig-Magon-Schule-Kl4-Affen-Platz2-Beste-Klasse-Jahrgangsstufe-4.jpg'><img width=\"1280\" height=\"853\" src=\"https:\/\/www.sick-stiftung.org\/ges\/wp-content\/uploads\/2018\/02\/Mathe-im-Advent-Carl-Ludwig-Magon-Schule-Kl4-Affen-Platz2-Beste-Klasse-Jahrgangsstufe-4.jpg\" class=\"attachment-full size-full\" alt=\"\" srcset=\"https:\/\/www.sick-stiftung.org\/ges\/wp-content\/uploads\/2018\/02\/Mathe-im-Advent-Carl-Ludwig-Magon-Schule-Kl4-Affen-Platz2-Beste-Klasse-Jahrgangsstufe-4-200x133.jpg 200w, https:\/\/www.sick-stiftung.org\/ges\/wp-content\/uploads\/2018\/02\/Mathe-im-Advent-Carl-Ludwig-Magon-Schule-Kl4-Affen-Platz2-Beste-Klasse-Jahrgangsstufe-4-338x225.jpg 338w, https:\/\/www.sick-stiftung.org\/ges\/wp-content\/uploads\/2018\/02\/Mathe-im-Advent-Carl-Ludwig-Magon-Schule-Kl4-Affen-Platz2-Beste-Klasse-Jahrgangsstufe-4-400x267.jpg 400w, https:\/\/www.sick-stiftung.org\/ges\/wp-content\/uploads\/2018\/02\/Mathe-im-Advent-Carl-Ludwig-Magon-Schule-Kl4-Affen-Platz2-Beste-Klasse-Jahrgangsstufe-4-600x400.jpg 600w, https:\/\/www.sick-stiftung.org\/ges\/wp-content\/uploads\/2018\/02\/Mathe-im-Advent-Carl-Ludwig-Magon-Schule-Kl4-Affen-Platz2-Beste-Klasse-Jahrgangsstufe-4-768x512.jpg 768w, https:\/\/www.sick-stiftung.org\/ges\/wp-content\/uploads\/2018\/02\/Mathe-im-Advent-Carl-Ludwig-Magon-Schule-Kl4-Affen-Platz2-Beste-Klasse-Jahrgangsstufe-4-800x533.jpg 800w, https:\/\/www.sick-stiftung.org\/ges\/wp-content\/uploads\/2018\/02\/Mathe-im-Advent-Carl-Ludwig-Magon-Schule-Kl4-Affen-Platz2-Beste-Klasse-Jahrgangsstufe-4-1024x682.jpg 1024w, https:\/\/www.sick-stiftung.org\/ges\/wp-content\/uploads\/2018\/02\/Mathe-im-Advent-Carl-Ludwig-Magon-Schule-Kl4-Affen-Platz2-Beste-Klasse-Jahrgangsstufe-4-1200x800.jpg 1200w, https:\/\/www.sick-stiftung.org\/ges\/wp-content\/uploads\/2018\/02\/Mathe-im-Advent-Carl-Ludwig-Magon-Schule-Kl4-Affen-Platz2-Beste-Klasse-Jahrgangsstufe-4.jpg 1280w\" sizes=\"(max-width: 1280px) 100vw, 1280px\" \/><\/a>\n\t\t\t<\/dt><\/dl><dl class='gallery-item'>\n\t\t\t<dt class='gallery-icon landscape'>\n\t\t\t\t<a data-rel=\"iLightbox[postimages]\" data-title=\"Mathe-im-Advent-Carl-Netter-Realschule-Buehl-Platz1-Beste-Sekundarschule\" data-caption=\"\" href='https:\/\/www.sick-stiftung.org\/ges\/wp-content\/uploads\/2018\/02\/Mathe-im-Advent-Carl-Netter-Realschule-Buehl-Platz1-Beste-Sekundarschule.jpg'><img width=\"1280\" height=\"853\" src=\"https:\/\/www.sick-stiftung.org\/ges\/wp-content\/uploads\/2018\/02\/Mathe-im-Advent-Carl-Netter-Realschule-Buehl-Platz1-Beste-Sekundarschule.jpg\" class=\"attachment-full size-full\" alt=\"\" srcset=\"https:\/\/www.sick-stiftung.org\/ges\/wp-content\/uploads\/2018\/02\/Mathe-im-Advent-Carl-Netter-Realschule-Buehl-Platz1-Beste-Sekundarschule-200x133.jpg 200w, https:\/\/www.sick-stiftung.org\/ges\/wp-content\/uploads\/2018\/02\/Mathe-im-Advent-Carl-Netter-Realschule-Buehl-Platz1-Beste-Sekundarschule-338x225.jpg 338w, https:\/\/www.sick-stiftung.org\/ges\/wp-content\/uploads\/2018\/02\/Mathe-im-Advent-Carl-Netter-Realschule-Buehl-Platz1-Beste-Sekundarschule-400x267.jpg 400w, https:\/\/www.sick-stiftung.org\/ges\/wp-content\/uploads\/2018\/02\/Mathe-im-Advent-Carl-Netter-Realschule-Buehl-Platz1-Beste-Sekundarschule-600x400.jpg 600w, https:\/\/www.sick-stiftung.org\/ges\/wp-content\/uploads\/2018\/02\/Mathe-im-Advent-Carl-Netter-Realschule-Buehl-Platz1-Beste-Sekundarschule-768x512.jpg 768w, https:\/\/www.sick-stiftung.org\/ges\/wp-content\/uploads\/2018\/02\/Mathe-im-Advent-Carl-Netter-Realschule-Buehl-Platz1-Beste-Sekundarschule-800x533.jpg 800w, https:\/\/www.sick-stiftung.org\/ges\/wp-content\/uploads\/2018\/02\/Mathe-im-Advent-Carl-Netter-Realschule-Buehl-Platz1-Beste-Sekundarschule-1024x682.jpg 1024w, https:\/\/www.sick-stiftung.org\/ges\/wp-content\/uploads\/2018\/02\/Mathe-im-Advent-Carl-Netter-Realschule-Buehl-Platz1-Beste-Sekundarschule-1200x800.jpg 1200w, https:\/\/www.sick-stiftung.org\/ges\/wp-content\/uploads\/2018\/02\/Mathe-im-Advent-Carl-Netter-Realschule-Buehl-Platz1-Beste-Sekundarschule.jpg 1280w\" sizes=\"(max-width: 1280px) 100vw, 1280px\" \/><\/a>\n\t\t\t<\/dt><\/dl><dl class='gallery-item'>\n\t\t\t<dt class='gallery-icon landscape'>\n\t\t\t\t<a data-rel=\"iLightbox[postimages]\" data-title=\"Mathe-im-Advent-Droste-Huelshoff-Gymnasium-Rottweil-Kl6c-Platz3-Beste-Klasse-Jahrgangsstufe-6\" data-caption=\"\" href='https:\/\/www.sick-stiftung.org\/ges\/wp-content\/uploads\/2018\/02\/Mathe-im-Advent-Droste-Huelshoff-Gymnasium-Rottweil-Kl6c-Platz3-Beste-Klasse-Jahrgangsstufe-6.jpg'><img width=\"1280\" height=\"853\" src=\"https:\/\/www.sick-stiftung.org\/ges\/wp-content\/uploads\/2018\/02\/Mathe-im-Advent-Droste-Huelshoff-Gymnasium-Rottweil-Kl6c-Platz3-Beste-Klasse-Jahrgangsstufe-6.jpg\" class=\"attachment-full size-full\" alt=\"\" srcset=\"https:\/\/www.sick-stiftung.org\/ges\/wp-content\/uploads\/2018\/02\/Mathe-im-Advent-Droste-Huelshoff-Gymnasium-Rottweil-Kl6c-Platz3-Beste-Klasse-Jahrgangsstufe-6-200x133.jpg 200w, https:\/\/www.sick-stiftung.org\/ges\/wp-content\/uploads\/2018\/02\/Mathe-im-Advent-Droste-Huelshoff-Gymnasium-Rottweil-Kl6c-Platz3-Beste-Klasse-Jahrgangsstufe-6-338x225.jpg 338w, https:\/\/www.sick-stiftung.org\/ges\/wp-content\/uploads\/2018\/02\/Mathe-im-Advent-Droste-Huelshoff-Gymnasium-Rottweil-Kl6c-Platz3-Beste-Klasse-Jahrgangsstufe-6-400x267.jpg 400w, https:\/\/www.sick-stiftung.org\/ges\/wp-content\/uploads\/2018\/02\/Mathe-im-Advent-Droste-Huelshoff-Gymnasium-Rottweil-Kl6c-Platz3-Beste-Klasse-Jahrgangsstufe-6-600x400.jpg 600w, https:\/\/www.sick-stiftung.org\/ges\/wp-content\/uploads\/2018\/02\/Mathe-im-Advent-Droste-Huelshoff-Gymnasium-Rottweil-Kl6c-Platz3-Beste-Klasse-Jahrgangsstufe-6-768x512.jpg 768w, https:\/\/www.sick-stiftung.org\/ges\/wp-content\/uploads\/2018\/02\/Mathe-im-Advent-Droste-Huelshoff-Gymnasium-Rottweil-Kl6c-Platz3-Beste-Klasse-Jahrgangsstufe-6-800x533.jpg 800w, https:\/\/www.sick-stiftung.org\/ges\/wp-content\/uploads\/2018\/02\/Mathe-im-Advent-Droste-Huelshoff-Gymnasium-Rottweil-Kl6c-Platz3-Beste-Klasse-Jahrgangsstufe-6-1024x682.jpg 1024w, https:\/\/www.sick-stiftung.org\/ges\/wp-content\/uploads\/2018\/02\/Mathe-im-Advent-Droste-Huelshoff-Gymnasium-Rottweil-Kl6c-Platz3-Beste-Klasse-Jahrgangsstufe-6-1200x800.jpg 1200w, https:\/\/www.sick-stiftung.org\/ges\/wp-content\/uploads\/2018\/02\/Mathe-im-Advent-Droste-Huelshoff-Gymnasium-Rottweil-Kl6c-Platz3-Beste-Klasse-Jahrgangsstufe-6.jpg 1280w\" sizes=\"(max-width: 1280px) 100vw, 1280px\" \/><\/a>\n\t\t\t<\/dt><\/dl><br style=\"clear: both\" \/><dl class='gallery-item'>\n\t\t\t<dt class='gallery-icon landscape'>\n\t\t\t\t<a data-rel=\"iLightbox[postimages]\" data-title=\"Mathe-im-Advent-Droste-Huelshoff-Gymnasium-Rottweil-Kl10b-Platz1-Beste-Spaetstarterklasse\" data-caption=\"\" href='https:\/\/www.sick-stiftung.org\/ges\/wp-content\/uploads\/2018\/02\/Mathe-im-Advent-Droste-Huelshoff-Gymnasium-Rottweil-Kl10b-Platz1-Beste-Spaetstarterklasse.jpg'><img width=\"1280\" height=\"854\" src=\"https:\/\/www.sick-stiftung.org\/ges\/wp-content\/uploads\/2018\/02\/Mathe-im-Advent-Droste-Huelshoff-Gymnasium-Rottweil-Kl10b-Platz1-Beste-Spaetstarterklasse.jpg\" class=\"attachment-full size-full\" alt=\"\" srcset=\"https:\/\/www.sick-stiftung.org\/ges\/wp-content\/uploads\/2018\/02\/Mathe-im-Advent-Droste-Huelshoff-Gymnasium-Rottweil-Kl10b-Platz1-Beste-Spaetstarterklasse-200x133.jpg 200w, https:\/\/www.sick-stiftung.org\/ges\/wp-content\/uploads\/2018\/02\/Mathe-im-Advent-Droste-Huelshoff-Gymnasium-Rottweil-Kl10b-Platz1-Beste-Spaetstarterklasse-337x225.jpg 337w, https:\/\/www.sick-stiftung.org\/ges\/wp-content\/uploads\/2018\/02\/Mathe-im-Advent-Droste-Huelshoff-Gymnasium-Rottweil-Kl10b-Platz1-Beste-Spaetstarterklasse-400x267.jpg 400w, https:\/\/www.sick-stiftung.org\/ges\/wp-content\/uploads\/2018\/02\/Mathe-im-Advent-Droste-Huelshoff-Gymnasium-Rottweil-Kl10b-Platz1-Beste-Spaetstarterklasse-600x400.jpg 600w, https:\/\/www.sick-stiftung.org\/ges\/wp-content\/uploads\/2018\/02\/Mathe-im-Advent-Droste-Huelshoff-Gymnasium-Rottweil-Kl10b-Platz1-Beste-Spaetstarterklasse-768x512.jpg 768w, https:\/\/www.sick-stiftung.org\/ges\/wp-content\/uploads\/2018\/02\/Mathe-im-Advent-Droste-Huelshoff-Gymnasium-Rottweil-Kl10b-Platz1-Beste-Spaetstarterklasse-800x534.jpg 800w, https:\/\/www.sick-stiftung.org\/ges\/wp-content\/uploads\/2018\/02\/Mathe-im-Advent-Droste-Huelshoff-Gymnasium-Rottweil-Kl10b-Platz1-Beste-Spaetstarterklasse-1024x683.jpg 1024w, https:\/\/www.sick-stiftung.org\/ges\/wp-content\/uploads\/2018\/02\/Mathe-im-Advent-Droste-Huelshoff-Gymnasium-Rottweil-Kl10b-Platz1-Beste-Spaetstarterklasse-1200x801.jpg 1200w, https:\/\/www.sick-stiftung.org\/ges\/wp-content\/uploads\/2018\/02\/Mathe-im-Advent-Droste-Huelshoff-Gymnasium-Rottweil-Kl10b-Platz1-Beste-Spaetstarterklasse.jpg 1280w\" sizes=\"(max-width: 1280px) 100vw, 1280px\" \/><\/a>\n\t\t\t<\/dt><\/dl><dl class='gallery-item'>\n\t\t\t<dt class='gallery-icon landscape'>\n\t\t\t\t<a data-rel=\"iLightbox[postimages]\" data-title=\"Mathe-im-Advent-Freie-Evangelische-Schule-Loerrach-Platz3-Beste-Gesamt-Gemeinschaftsschule\" data-caption=\"\" href='https:\/\/www.sick-stiftung.org\/ges\/wp-content\/uploads\/2018\/02\/Mathe-im-Advent-Freie-Evangelische-Schule-Loerrach-Platz3-Beste-Gesamt-Gemeinschaftsschule.jpg'><img width=\"1280\" height=\"853\" src=\"https:\/\/www.sick-stiftung.org\/ges\/wp-content\/uploads\/2018\/02\/Mathe-im-Advent-Freie-Evangelische-Schule-Loerrach-Platz3-Beste-Gesamt-Gemeinschaftsschule.jpg\" class=\"attachment-full size-full\" alt=\"\" srcset=\"https:\/\/www.sick-stiftung.org\/ges\/wp-content\/uploads\/2018\/02\/Mathe-im-Advent-Freie-Evangelische-Schule-Loerrach-Platz3-Beste-Gesamt-Gemeinschaftsschule-200x133.jpg 200w, https:\/\/www.sick-stiftung.org\/ges\/wp-content\/uploads\/2018\/02\/Mathe-im-Advent-Freie-Evangelische-Schule-Loerrach-Platz3-Beste-Gesamt-Gemeinschaftsschule-338x225.jpg 338w, https:\/\/www.sick-stiftung.org\/ges\/wp-content\/uploads\/2018\/02\/Mathe-im-Advent-Freie-Evangelische-Schule-Loerrach-Platz3-Beste-Gesamt-Gemeinschaftsschule-400x267.jpg 400w, https:\/\/www.sick-stiftung.org\/ges\/wp-content\/uploads\/2018\/02\/Mathe-im-Advent-Freie-Evangelische-Schule-Loerrach-Platz3-Beste-Gesamt-Gemeinschaftsschule-600x400.jpg 600w, https:\/\/www.sick-stiftung.org\/ges\/wp-content\/uploads\/2018\/02\/Mathe-im-Advent-Freie-Evangelische-Schule-Loerrach-Platz3-Beste-Gesamt-Gemeinschaftsschule-768x512.jpg 768w, https:\/\/www.sick-stiftung.org\/ges\/wp-content\/uploads\/2018\/02\/Mathe-im-Advent-Freie-Evangelische-Schule-Loerrach-Platz3-Beste-Gesamt-Gemeinschaftsschule-800x533.jpg 800w, https:\/\/www.sick-stiftung.org\/ges\/wp-content\/uploads\/2018\/02\/Mathe-im-Advent-Freie-Evangelische-Schule-Loerrach-Platz3-Beste-Gesamt-Gemeinschaftsschule-1024x682.jpg 1024w, https:\/\/www.sick-stiftung.org\/ges\/wp-content\/uploads\/2018\/02\/Mathe-im-Advent-Freie-Evangelische-Schule-Loerrach-Platz3-Beste-Gesamt-Gemeinschaftsschule-1200x800.jpg 1200w, https:\/\/www.sick-stiftung.org\/ges\/wp-content\/uploads\/2018\/02\/Mathe-im-Advent-Freie-Evangelische-Schule-Loerrach-Platz3-Beste-Gesamt-Gemeinschaftsschule.jpg 1280w\" sizes=\"(max-width: 1280px) 100vw, 1280px\" \/><\/a>\n\t\t\t<\/dt><\/dl><dl class='gallery-item'>\n\t\t\t<dt class='gallery-icon landscape'>\n\t\t\t\t<a data-rel=\"iLightbox[postimages]\" data-title=\"Mathe-im-Advent-Fridolinschule-Loerrach-Kl3c-Platz1-Beste-Fruehstarterklasse\" data-caption=\"\" href='https:\/\/www.sick-stiftung.org\/ges\/wp-content\/uploads\/2018\/02\/Mathe-im-Advent-Fridolinschule-Loerrach-Kl3c-Platz1-Beste-Fruehstarterklasse.jpg'><img width=\"1280\" height=\"853\" src=\"https:\/\/www.sick-stiftung.org\/ges\/wp-content\/uploads\/2018\/02\/Mathe-im-Advent-Fridolinschule-Loerrach-Kl3c-Platz1-Beste-Fruehstarterklasse.jpg\" class=\"attachment-full size-full\" alt=\"\" srcset=\"https:\/\/www.sick-stiftung.org\/ges\/wp-content\/uploads\/2018\/02\/Mathe-im-Advent-Fridolinschule-Loerrach-Kl3c-Platz1-Beste-Fruehstarterklasse-200x133.jpg 200w, https:\/\/www.sick-stiftung.org\/ges\/wp-content\/uploads\/2018\/02\/Mathe-im-Advent-Fridolinschule-Loerrach-Kl3c-Platz1-Beste-Fruehstarterklasse-338x225.jpg 338w, https:\/\/www.sick-stiftung.org\/ges\/wp-content\/uploads\/2018\/02\/Mathe-im-Advent-Fridolinschule-Loerrach-Kl3c-Platz1-Beste-Fruehstarterklasse-400x267.jpg 400w, https:\/\/www.sick-stiftung.org\/ges\/wp-content\/uploads\/2018\/02\/Mathe-im-Advent-Fridolinschule-Loerrach-Kl3c-Platz1-Beste-Fruehstarterklasse-600x400.jpg 600w, https:\/\/www.sick-stiftung.org\/ges\/wp-content\/uploads\/2018\/02\/Mathe-im-Advent-Fridolinschule-Loerrach-Kl3c-Platz1-Beste-Fruehstarterklasse-768x512.jpg 768w, https:\/\/www.sick-stiftung.org\/ges\/wp-content\/uploads\/2018\/02\/Mathe-im-Advent-Fridolinschule-Loerrach-Kl3c-Platz1-Beste-Fruehstarterklasse-800x533.jpg 800w, https:\/\/www.sick-stiftung.org\/ges\/wp-content\/uploads\/2018\/02\/Mathe-im-Advent-Fridolinschule-Loerrach-Kl3c-Platz1-Beste-Fruehstarterklasse-1024x682.jpg 1024w, https:\/\/www.sick-stiftung.org\/ges\/wp-content\/uploads\/2018\/02\/Mathe-im-Advent-Fridolinschule-Loerrach-Kl3c-Platz1-Beste-Fruehstarterklasse-1200x800.jpg 1200w, https:\/\/www.sick-stiftung.org\/ges\/wp-content\/uploads\/2018\/02\/Mathe-im-Advent-Fridolinschule-Loerrach-Kl3c-Platz1-Beste-Fruehstarterklasse.jpg 1280w\" sizes=\"(max-width: 1280px) 100vw, 1280px\" \/><\/a>\n\t\t\t<\/dt><\/dl><dl class='gallery-item'>\n\t\t\t<dt class='gallery-icon landscape'>\n\t\t\t\t<a data-rel=\"iLightbox[postimages]\" data-title=\"Mathe-im-Advent-Fridolinschule-Loerrach-Platz1-Beste-Grundschulen\" data-caption=\"\" href='https:\/\/www.sick-stiftung.org\/ges\/wp-content\/uploads\/2018\/02\/Mathe-im-Advent-Fridolinschule-Loerrach-Platz1-Beste-Grundschulen.jpg'><img width=\"1280\" height=\"853\" src=\"https:\/\/www.sick-stiftung.org\/ges\/wp-content\/uploads\/2018\/02\/Mathe-im-Advent-Fridolinschule-Loerrach-Platz1-Beste-Grundschulen.jpg\" class=\"attachment-full size-full\" alt=\"\" srcset=\"https:\/\/www.sick-stiftung.org\/ges\/wp-content\/uploads\/2018\/02\/Mathe-im-Advent-Fridolinschule-Loerrach-Platz1-Beste-Grundschulen-200x133.jpg 200w, https:\/\/www.sick-stiftung.org\/ges\/wp-content\/uploads\/2018\/02\/Mathe-im-Advent-Fridolinschule-Loerrach-Platz1-Beste-Grundschulen-338x225.jpg 338w, https:\/\/www.sick-stiftung.org\/ges\/wp-content\/uploads\/2018\/02\/Mathe-im-Advent-Fridolinschule-Loerrach-Platz1-Beste-Grundschulen-400x267.jpg 400w, https:\/\/www.sick-stiftung.org\/ges\/wp-content\/uploads\/2018\/02\/Mathe-im-Advent-Fridolinschule-Loerrach-Platz1-Beste-Grundschulen-600x400.jpg 600w, https:\/\/www.sick-stiftung.org\/ges\/wp-content\/uploads\/2018\/02\/Mathe-im-Advent-Fridolinschule-Loerrach-Platz1-Beste-Grundschulen-768x512.jpg 768w, https:\/\/www.sick-stiftung.org\/ges\/wp-content\/uploads\/2018\/02\/Mathe-im-Advent-Fridolinschule-Loerrach-Platz1-Beste-Grundschulen-800x533.jpg 800w, https:\/\/www.sick-stiftung.org\/ges\/wp-content\/uploads\/2018\/02\/Mathe-im-Advent-Fridolinschule-Loerrach-Platz1-Beste-Grundschulen-1024x682.jpg 1024w, https:\/\/www.sick-stiftung.org\/ges\/wp-content\/uploads\/2018\/02\/Mathe-im-Advent-Fridolinschule-Loerrach-Platz1-Beste-Grundschulen-1200x800.jpg 1200w, https:\/\/www.sick-stiftung.org\/ges\/wp-content\/uploads\/2018\/02\/Mathe-im-Advent-Fridolinschule-Loerrach-Platz1-Beste-Grundschulen.jpg 1280w\" sizes=\"(max-width: 1280px) 100vw, 1280px\" \/><\/a>\n\t\t\t<\/dt><\/dl><br style=\"clear: both\" \/><dl class='gallery-item'>\n\t\t\t<dt class='gallery-icon landscape'>\n\t\t\t\t<a data-rel=\"iLightbox[postimages]\" data-title=\"Mathe-im-Advent-Geschwister-Scholl-Gymnasium-Waldkirch-Platz2-Beste-Schulen\" data-caption=\"\" href='https:\/\/www.sick-stiftung.org\/ges\/wp-content\/uploads\/2018\/02\/Mathe-im-Advent-Geschwister-Scholl-Gymnasium-Waldkirch-Platz2-Beste-Schulen.jpg'><img width=\"1280\" height=\"853\" src=\"https:\/\/www.sick-stiftung.org\/ges\/wp-content\/uploads\/2018\/02\/Mathe-im-Advent-Geschwister-Scholl-Gymnasium-Waldkirch-Platz2-Beste-Schulen.jpg\" class=\"attachment-full size-full\" alt=\"\" srcset=\"https:\/\/www.sick-stiftung.org\/ges\/wp-content\/uploads\/2018\/02\/Mathe-im-Advent-Geschwister-Scholl-Gymnasium-Waldkirch-Platz2-Beste-Schulen-200x133.jpg 200w, https:\/\/www.sick-stiftung.org\/ges\/wp-content\/uploads\/2018\/02\/Mathe-im-Advent-Geschwister-Scholl-Gymnasium-Waldkirch-Platz2-Beste-Schulen-338x225.jpg 338w, https:\/\/www.sick-stiftung.org\/ges\/wp-content\/uploads\/2018\/02\/Mathe-im-Advent-Geschwister-Scholl-Gymnasium-Waldkirch-Platz2-Beste-Schulen-400x267.jpg 400w, https:\/\/www.sick-stiftung.org\/ges\/wp-content\/uploads\/2018\/02\/Mathe-im-Advent-Geschwister-Scholl-Gymnasium-Waldkirch-Platz2-Beste-Schulen-600x400.jpg 600w, https:\/\/www.sick-stiftung.org\/ges\/wp-content\/uploads\/2018\/02\/Mathe-im-Advent-Geschwister-Scholl-Gymnasium-Waldkirch-Platz2-Beste-Schulen-768x512.jpg 768w, https:\/\/www.sick-stiftung.org\/ges\/wp-content\/uploads\/2018\/02\/Mathe-im-Advent-Geschwister-Scholl-Gymnasium-Waldkirch-Platz2-Beste-Schulen-800x533.jpg 800w, https:\/\/www.sick-stiftung.org\/ges\/wp-content\/uploads\/2018\/02\/Mathe-im-Advent-Geschwister-Scholl-Gymnasium-Waldkirch-Platz2-Beste-Schulen-1024x682.jpg 1024w, https:\/\/www.sick-stiftung.org\/ges\/wp-content\/uploads\/2018\/02\/Mathe-im-Advent-Geschwister-Scholl-Gymnasium-Waldkirch-Platz2-Beste-Schulen-1200x800.jpg 1200w, https:\/\/www.sick-stiftung.org\/ges\/wp-content\/uploads\/2018\/02\/Mathe-im-Advent-Geschwister-Scholl-Gymnasium-Waldkirch-Platz2-Beste-Schulen.jpg 1280w\" sizes=\"(max-width: 1280px) 100vw, 1280px\" \/><\/a>\n\t\t\t<\/dt><\/dl><dl class='gallery-item'>\n\t\t\t<dt class='gallery-icon landscape'>\n\t\t\t\t<a data-rel=\"iLightbox[postimages]\" data-title=\"Mathe-im-Advent-Geschwister-Scholl-Schule-Konstanz-KlG8a-Platz2-Beste-Klasse-Jahrgangsstufe-8\" data-caption=\"\" href='https:\/\/www.sick-stiftung.org\/ges\/wp-content\/uploads\/2018\/02\/Mathe-im-Advent-Geschwister-Scholl-Schule-Konstanz-KlG8a-Platz2-Beste-Klasse-Jahrgangsstufe-8.jpg'><img width=\"1280\" height=\"854\" src=\"https:\/\/www.sick-stiftung.org\/ges\/wp-content\/uploads\/2018\/02\/Mathe-im-Advent-Geschwister-Scholl-Schule-Konstanz-KlG8a-Platz2-Beste-Klasse-Jahrgangsstufe-8.jpg\" class=\"attachment-full size-full\" alt=\"\" srcset=\"https:\/\/www.sick-stiftung.org\/ges\/wp-content\/uploads\/2018\/02\/Mathe-im-Advent-Geschwister-Scholl-Schule-Konstanz-KlG8a-Platz2-Beste-Klasse-Jahrgangsstufe-8-200x133.jpg 200w, https:\/\/www.sick-stiftung.org\/ges\/wp-content\/uploads\/2018\/02\/Mathe-im-Advent-Geschwister-Scholl-Schule-Konstanz-KlG8a-Platz2-Beste-Klasse-Jahrgangsstufe-8-337x225.jpg 337w, https:\/\/www.sick-stiftung.org\/ges\/wp-content\/uploads\/2018\/02\/Mathe-im-Advent-Geschwister-Scholl-Schule-Konstanz-KlG8a-Platz2-Beste-Klasse-Jahrgangsstufe-8-400x267.jpg 400w, https:\/\/www.sick-stiftung.org\/ges\/wp-content\/uploads\/2018\/02\/Mathe-im-Advent-Geschwister-Scholl-Schule-Konstanz-KlG8a-Platz2-Beste-Klasse-Jahrgangsstufe-8-600x400.jpg 600w, https:\/\/www.sick-stiftung.org\/ges\/wp-content\/uploads\/2018\/02\/Mathe-im-Advent-Geschwister-Scholl-Schule-Konstanz-KlG8a-Platz2-Beste-Klasse-Jahrgangsstufe-8-768x512.jpg 768w, https:\/\/www.sick-stiftung.org\/ges\/wp-content\/uploads\/2018\/02\/Mathe-im-Advent-Geschwister-Scholl-Schule-Konstanz-KlG8a-Platz2-Beste-Klasse-Jahrgangsstufe-8-800x534.jpg 800w, https:\/\/www.sick-stiftung.org\/ges\/wp-content\/uploads\/2018\/02\/Mathe-im-Advent-Geschwister-Scholl-Schule-Konstanz-KlG8a-Platz2-Beste-Klasse-Jahrgangsstufe-8-1024x683.jpg 1024w, https:\/\/www.sick-stiftung.org\/ges\/wp-content\/uploads\/2018\/02\/Mathe-im-Advent-Geschwister-Scholl-Schule-Konstanz-KlG8a-Platz2-Beste-Klasse-Jahrgangsstufe-8-1200x801.jpg 1200w, https:\/\/www.sick-stiftung.org\/ges\/wp-content\/uploads\/2018\/02\/Mathe-im-Advent-Geschwister-Scholl-Schule-Konstanz-KlG8a-Platz2-Beste-Klasse-Jahrgangsstufe-8.jpg 1280w\" sizes=\"(max-width: 1280px) 100vw, 1280px\" \/><\/a>\n\t\t\t<\/dt><\/dl><dl class='gallery-item'>\n\t\t\t<dt class='gallery-icon landscape'>\n\t\t\t\t<a data-rel=\"iLightbox[postimages]\" data-title=\"Mathe-im-Advent-Goethe-Gymnasium-Emmendingen-Kl5a-Platz3-Beste-Klasse-Jahrgangsstufe-5\" data-caption=\"\" href='https:\/\/www.sick-stiftung.org\/ges\/wp-content\/uploads\/2018\/02\/Mathe-im-Advent-Goethe-Gymnasium-Emmendingen-Kl5a-Platz3-Beste-Klasse-Jahrgangsstufe-5.jpg'><img width=\"1280\" height=\"853\" src=\"https:\/\/www.sick-stiftung.org\/ges\/wp-content\/uploads\/2018\/02\/Mathe-im-Advent-Goethe-Gymnasium-Emmendingen-Kl5a-Platz3-Beste-Klasse-Jahrgangsstufe-5.jpg\" class=\"attachment-full size-full\" alt=\"\" srcset=\"https:\/\/www.sick-stiftung.org\/ges\/wp-content\/uploads\/2018\/02\/Mathe-im-Advent-Goethe-Gymnasium-Emmendingen-Kl5a-Platz3-Beste-Klasse-Jahrgangsstufe-5-200x133.jpg 200w, https:\/\/www.sick-stiftung.org\/ges\/wp-content\/uploads\/2018\/02\/Mathe-im-Advent-Goethe-Gymnasium-Emmendingen-Kl5a-Platz3-Beste-Klasse-Jahrgangsstufe-5-338x225.jpg 338w, https:\/\/www.sick-stiftung.org\/ges\/wp-content\/uploads\/2018\/02\/Mathe-im-Advent-Goethe-Gymnasium-Emmendingen-Kl5a-Platz3-Beste-Klasse-Jahrgangsstufe-5-400x267.jpg 400w, https:\/\/www.sick-stiftung.org\/ges\/wp-content\/uploads\/2018\/02\/Mathe-im-Advent-Goethe-Gymnasium-Emmendingen-Kl5a-Platz3-Beste-Klasse-Jahrgangsstufe-5-600x400.jpg 600w, https:\/\/www.sick-stiftung.org\/ges\/wp-content\/uploads\/2018\/02\/Mathe-im-Advent-Goethe-Gymnasium-Emmendingen-Kl5a-Platz3-Beste-Klasse-Jahrgangsstufe-5-768x512.jpg 768w, https:\/\/www.sick-stiftung.org\/ges\/wp-content\/uploads\/2018\/02\/Mathe-im-Advent-Goethe-Gymnasium-Emmendingen-Kl5a-Platz3-Beste-Klasse-Jahrgangsstufe-5-800x533.jpg 800w, https:\/\/www.sick-stiftung.org\/ges\/wp-content\/uploads\/2018\/02\/Mathe-im-Advent-Goethe-Gymnasium-Emmendingen-Kl5a-Platz3-Beste-Klasse-Jahrgangsstufe-5-1024x682.jpg 1024w, https:\/\/www.sick-stiftung.org\/ges\/wp-content\/uploads\/2018\/02\/Mathe-im-Advent-Goethe-Gymnasium-Emmendingen-Kl5a-Platz3-Beste-Klasse-Jahrgangsstufe-5-1200x800.jpg 1200w, https:\/\/www.sick-stiftung.org\/ges\/wp-content\/uploads\/2018\/02\/Mathe-im-Advent-Goethe-Gymnasium-Emmendingen-Kl5a-Platz3-Beste-Klasse-Jahrgangsstufe-5.jpg 1280w\" sizes=\"(max-width: 1280px) 100vw, 1280px\" \/><\/a>\n\t\t\t<\/dt><\/dl><dl class='gallery-item'>\n\t\t\t<dt class='gallery-icon landscape'>\n\t\t\t\t<a data-rel=\"iLightbox[postimages]\" data-title=\"Mathe-im-Advent-Goethe-Gymnasium-Emmendingen-Kl8c-Platz3-Beste-Klasse-Jahrgangsstufe-8\" data-caption=\"\" href='https:\/\/www.sick-stiftung.org\/ges\/wp-content\/uploads\/2018\/02\/Mathe-im-Advent-Goethe-Gymnasium-Emmendingen-Kl8c-Platz3-Beste-Klasse-Jahrgangsstufe-8.jpg'><img width=\"1280\" height=\"854\" src=\"https:\/\/www.sick-stiftung.org\/ges\/wp-content\/uploads\/2018\/02\/Mathe-im-Advent-Goethe-Gymnasium-Emmendingen-Kl8c-Platz3-Beste-Klasse-Jahrgangsstufe-8.jpg\" class=\"attachment-full size-full\" alt=\"\" srcset=\"https:\/\/www.sick-stiftung.org\/ges\/wp-content\/uploads\/2018\/02\/Mathe-im-Advent-Goethe-Gymnasium-Emmendingen-Kl8c-Platz3-Beste-Klasse-Jahrgangsstufe-8-200x133.jpg 200w, https:\/\/www.sick-stiftung.org\/ges\/wp-content\/uploads\/2018\/02\/Mathe-im-Advent-Goethe-Gymnasium-Emmendingen-Kl8c-Platz3-Beste-Klasse-Jahrgangsstufe-8-337x225.jpg 337w, https:\/\/www.sick-stiftung.org\/ges\/wp-content\/uploads\/2018\/02\/Mathe-im-Advent-Goethe-Gymnasium-Emmendingen-Kl8c-Platz3-Beste-Klasse-Jahrgangsstufe-8-400x267.jpg 400w, https:\/\/www.sick-stiftung.org\/ges\/wp-content\/uploads\/2018\/02\/Mathe-im-Advent-Goethe-Gymnasium-Emmendingen-Kl8c-Platz3-Beste-Klasse-Jahrgangsstufe-8-600x400.jpg 600w, https:\/\/www.sick-stiftung.org\/ges\/wp-content\/uploads\/2018\/02\/Mathe-im-Advent-Goethe-Gymnasium-Emmendingen-Kl8c-Platz3-Beste-Klasse-Jahrgangsstufe-8-768x512.jpg 768w, https:\/\/www.sick-stiftung.org\/ges\/wp-content\/uploads\/2018\/02\/Mathe-im-Advent-Goethe-Gymnasium-Emmendingen-Kl8c-Platz3-Beste-Klasse-Jahrgangsstufe-8-800x534.jpg 800w, https:\/\/www.sick-stiftung.org\/ges\/wp-content\/uploads\/2018\/02\/Mathe-im-Advent-Goethe-Gymnasium-Emmendingen-Kl8c-Platz3-Beste-Klasse-Jahrgangsstufe-8-1024x683.jpg 1024w, https:\/\/www.sick-stiftung.org\/ges\/wp-content\/uploads\/2018\/02\/Mathe-im-Advent-Goethe-Gymnasium-Emmendingen-Kl8c-Platz3-Beste-Klasse-Jahrgangsstufe-8-1200x801.jpg 1200w, https:\/\/www.sick-stiftung.org\/ges\/wp-content\/uploads\/2018\/02\/Mathe-im-Advent-Goethe-Gymnasium-Emmendingen-Kl8c-Platz3-Beste-Klasse-Jahrgangsstufe-8.jpg 1280w\" sizes=\"(max-width: 1280px) 100vw, 1280px\" \/><\/a>\n\t\t\t<\/dt><\/dl><br style=\"clear: both\" \/><dl class='gallery-item'>\n\t\t\t<dt class='gallery-icon landscape'>\n\t\t\t\t<a data-rel=\"iLightbox[postimages]\" data-title=\"Mathe-im-Advent-Goethe-Gymnasium-Emmendingen-Platz1-Beste-Schulen\" data-caption=\"\" href='https:\/\/www.sick-stiftung.org\/ges\/wp-content\/uploads\/2018\/02\/Mathe-im-Advent-Goethe-Gymnasium-Emmendingen-Platz1-Beste-Schulen.jpg'><img width=\"1280\" height=\"853\" src=\"https:\/\/www.sick-stiftung.org\/ges\/wp-content\/uploads\/2018\/02\/Mathe-im-Advent-Goethe-Gymnasium-Emmendingen-Platz1-Beste-Schulen.jpg\" class=\"attachment-full size-full\" alt=\"\" srcset=\"https:\/\/www.sick-stiftung.org\/ges\/wp-content\/uploads\/2018\/02\/Mathe-im-Advent-Goethe-Gymnasium-Emmendingen-Platz1-Beste-Schulen-200x133.jpg 200w, https:\/\/www.sick-stiftung.org\/ges\/wp-content\/uploads\/2018\/02\/Mathe-im-Advent-Goethe-Gymnasium-Emmendingen-Platz1-Beste-Schulen-338x225.jpg 338w, https:\/\/www.sick-stiftung.org\/ges\/wp-content\/uploads\/2018\/02\/Mathe-im-Advent-Goethe-Gymnasium-Emmendingen-Platz1-Beste-Schulen-400x267.jpg 400w, https:\/\/www.sick-stiftung.org\/ges\/wp-content\/uploads\/2018\/02\/Mathe-im-Advent-Goethe-Gymnasium-Emmendingen-Platz1-Beste-Schulen-600x400.jpg 600w, https:\/\/www.sick-stiftung.org\/ges\/wp-content\/uploads\/2018\/02\/Mathe-im-Advent-Goethe-Gymnasium-Emmendingen-Platz1-Beste-Schulen-768x512.jpg 768w, https:\/\/www.sick-stiftung.org\/ges\/wp-content\/uploads\/2018\/02\/Mathe-im-Advent-Goethe-Gymnasium-Emmendingen-Platz1-Beste-Schulen-800x533.jpg 800w, https:\/\/www.sick-stiftung.org\/ges\/wp-content\/uploads\/2018\/02\/Mathe-im-Advent-Goethe-Gymnasium-Emmendingen-Platz1-Beste-Schulen-1024x682.jpg 1024w, https:\/\/www.sick-stiftung.org\/ges\/wp-content\/uploads\/2018\/02\/Mathe-im-Advent-Goethe-Gymnasium-Emmendingen-Platz1-Beste-Schulen-1200x800.jpg 1200w, https:\/\/www.sick-stiftung.org\/ges\/wp-content\/uploads\/2018\/02\/Mathe-im-Advent-Goethe-Gymnasium-Emmendingen-Platz1-Beste-Schulen.jpg 1280w\" sizes=\"(max-width: 1280px) 100vw, 1280px\" \/><\/a>\n\t\t\t<\/dt><\/dl><dl class='gallery-item'>\n\t\t\t<dt class='gallery-icon landscape'>\n\t\t\t\t<a data-rel=\"iLightbox[postimages]\" data-title=\"Mathe-im-Advent-Grundschule-Berau-Uehlingen-Birkendorf-Kl3und4-Platz2-Beste-Fruehstarterklasse\" data-caption=\"\" href='https:\/\/www.sick-stiftung.org\/ges\/wp-content\/uploads\/2018\/02\/Mathe-im-Advent-Grundschule-Berau-Uehlingen-Birkendorf-Kl3und4-Platz2-Beste-Fruehstarterklasse.jpg'><img width=\"1280\" height=\"853\" src=\"https:\/\/www.sick-stiftung.org\/ges\/wp-content\/uploads\/2018\/02\/Mathe-im-Advent-Grundschule-Berau-Uehlingen-Birkendorf-Kl3und4-Platz2-Beste-Fruehstarterklasse.jpg\" class=\"attachment-full size-full\" alt=\"\" srcset=\"https:\/\/www.sick-stiftung.org\/ges\/wp-content\/uploads\/2018\/02\/Mathe-im-Advent-Grundschule-Berau-Uehlingen-Birkendorf-Kl3und4-Platz2-Beste-Fruehstarterklasse-200x133.jpg 200w, https:\/\/www.sick-stiftung.org\/ges\/wp-content\/uploads\/2018\/02\/Mathe-im-Advent-Grundschule-Berau-Uehlingen-Birkendorf-Kl3und4-Platz2-Beste-Fruehstarterklasse-338x225.jpg 338w, https:\/\/www.sick-stiftung.org\/ges\/wp-content\/uploads\/2018\/02\/Mathe-im-Advent-Grundschule-Berau-Uehlingen-Birkendorf-Kl3und4-Platz2-Beste-Fruehstarterklasse-400x267.jpg 400w, https:\/\/www.sick-stiftung.org\/ges\/wp-content\/uploads\/2018\/02\/Mathe-im-Advent-Grundschule-Berau-Uehlingen-Birkendorf-Kl3und4-Platz2-Beste-Fruehstarterklasse-600x400.jpg 600w, https:\/\/www.sick-stiftung.org\/ges\/wp-content\/uploads\/2018\/02\/Mathe-im-Advent-Grundschule-Berau-Uehlingen-Birkendorf-Kl3und4-Platz2-Beste-Fruehstarterklasse-768x512.jpg 768w, https:\/\/www.sick-stiftung.org\/ges\/wp-content\/uploads\/2018\/02\/Mathe-im-Advent-Grundschule-Berau-Uehlingen-Birkendorf-Kl3und4-Platz2-Beste-Fruehstarterklasse-800x533.jpg 800w, https:\/\/www.sick-stiftung.org\/ges\/wp-content\/uploads\/2018\/02\/Mathe-im-Advent-Grundschule-Berau-Uehlingen-Birkendorf-Kl3und4-Platz2-Beste-Fruehstarterklasse-1024x682.jpg 1024w, https:\/\/www.sick-stiftung.org\/ges\/wp-content\/uploads\/2018\/02\/Mathe-im-Advent-Grundschule-Berau-Uehlingen-Birkendorf-Kl3und4-Platz2-Beste-Fruehstarterklasse-1200x800.jpg 1200w, https:\/\/www.sick-stiftung.org\/ges\/wp-content\/uploads\/2018\/02\/Mathe-im-Advent-Grundschule-Berau-Uehlingen-Birkendorf-Kl3und4-Platz2-Beste-Fruehstarterklasse.jpg 1280w\" sizes=\"(max-width: 1280px) 100vw, 1280px\" \/><\/a>\n\t\t\t<\/dt><\/dl><dl class='gallery-item'>\n\t\t\t<dt class='gallery-icon landscape'>\n\t\t\t\t<a data-rel=\"iLightbox[postimages]\" data-title=\"Mathe-im-Advent-Grundschule-Berghaupten-Kl4-Platz1-Beste-Klasse-Jahrgangsstufe-4\" data-caption=\"\" href='https:\/\/www.sick-stiftung.org\/ges\/wp-content\/uploads\/2018\/02\/Mathe-im-Advent-Grundschule-Berghaupten-Kl4-Platz1-Beste-Klasse-Jahrgangsstufe-4.jpg'><img width=\"1280\" height=\"853\" src=\"https:\/\/www.sick-stiftung.org\/ges\/wp-content\/uploads\/2018\/02\/Mathe-im-Advent-Grundschule-Berghaupten-Kl4-Platz1-Beste-Klasse-Jahrgangsstufe-4.jpg\" class=\"attachment-full size-full\" alt=\"\" srcset=\"https:\/\/www.sick-stiftung.org\/ges\/wp-content\/uploads\/2018\/02\/Mathe-im-Advent-Grundschule-Berghaupten-Kl4-Platz1-Beste-Klasse-Jahrgangsstufe-4-200x133.jpg 200w, https:\/\/www.sick-stiftung.org\/ges\/wp-content\/uploads\/2018\/02\/Mathe-im-Advent-Grundschule-Berghaupten-Kl4-Platz1-Beste-Klasse-Jahrgangsstufe-4-338x225.jpg 338w, https:\/\/www.sick-stiftung.org\/ges\/wp-content\/uploads\/2018\/02\/Mathe-im-Advent-Grundschule-Berghaupten-Kl4-Platz1-Beste-Klasse-Jahrgangsstufe-4-400x267.jpg 400w, https:\/\/www.sick-stiftung.org\/ges\/wp-content\/uploads\/2018\/02\/Mathe-im-Advent-Grundschule-Berghaupten-Kl4-Platz1-Beste-Klasse-Jahrgangsstufe-4-600x400.jpg 600w, https:\/\/www.sick-stiftung.org\/ges\/wp-content\/uploads\/2018\/02\/Mathe-im-Advent-Grundschule-Berghaupten-Kl4-Platz1-Beste-Klasse-Jahrgangsstufe-4-768x512.jpg 768w, https:\/\/www.sick-stiftung.org\/ges\/wp-content\/uploads\/2018\/02\/Mathe-im-Advent-Grundschule-Berghaupten-Kl4-Platz1-Beste-Klasse-Jahrgangsstufe-4-800x533.jpg 800w, https:\/\/www.sick-stiftung.org\/ges\/wp-content\/uploads\/2018\/02\/Mathe-im-Advent-Grundschule-Berghaupten-Kl4-Platz1-Beste-Klasse-Jahrgangsstufe-4-1024x682.jpg 1024w, https:\/\/www.sick-stiftung.org\/ges\/wp-content\/uploads\/2018\/02\/Mathe-im-Advent-Grundschule-Berghaupten-Kl4-Platz1-Beste-Klasse-Jahrgangsstufe-4-1200x800.jpg 1200w, https:\/\/www.sick-stiftung.org\/ges\/wp-content\/uploads\/2018\/02\/Mathe-im-Advent-Grundschule-Berghaupten-Kl4-Platz1-Beste-Klasse-Jahrgangsstufe-4.jpg 1280w\" sizes=\"(max-width: 1280px) 100vw, 1280px\" \/><\/a>\n\t\t\t<\/dt><\/dl><dl class='gallery-item'>\n\t\t\t<dt class='gallery-icon landscape'>\n\t\t\t\t<a data-rel=\"iLightbox[postimages]\" data-title=\"Mathe-im-Advent-Grundschule-Orsingen-Nenzingen-Platz3-Beste-Grundschulen\" data-caption=\"\" href='https:\/\/www.sick-stiftung.org\/ges\/wp-content\/uploads\/2018\/02\/Mathe-im-Advent-Grundschule-Orsingen-Nenzingen-Platz3-Beste-Grundschulen.jpg'><img width=\"1280\" height=\"853\" src=\"https:\/\/www.sick-stiftung.org\/ges\/wp-content\/uploads\/2018\/02\/Mathe-im-Advent-Grundschule-Orsingen-Nenzingen-Platz3-Beste-Grundschulen.jpg\" class=\"attachment-full size-full\" alt=\"\" srcset=\"https:\/\/www.sick-stiftung.org\/ges\/wp-content\/uploads\/2018\/02\/Mathe-im-Advent-Grundschule-Orsingen-Nenzingen-Platz3-Beste-Grundschulen-200x133.jpg 200w, https:\/\/www.sick-stiftung.org\/ges\/wp-content\/uploads\/2018\/02\/Mathe-im-Advent-Grundschule-Orsingen-Nenzingen-Platz3-Beste-Grundschulen-338x225.jpg 338w, https:\/\/www.sick-stiftung.org\/ges\/wp-content\/uploads\/2018\/02\/Mathe-im-Advent-Grundschule-Orsingen-Nenzingen-Platz3-Beste-Grundschulen-400x267.jpg 400w, https:\/\/www.sick-stiftung.org\/ges\/wp-content\/uploads\/2018\/02\/Mathe-im-Advent-Grundschule-Orsingen-Nenzingen-Platz3-Beste-Grundschulen-600x400.jpg 600w, https:\/\/www.sick-stiftung.org\/ges\/wp-content\/uploads\/2018\/02\/Mathe-im-Advent-Grundschule-Orsingen-Nenzingen-Platz3-Beste-Grundschulen-768x512.jpg 768w, https:\/\/www.sick-stiftung.org\/ges\/wp-content\/uploads\/2018\/02\/Mathe-im-Advent-Grundschule-Orsingen-Nenzingen-Platz3-Beste-Grundschulen-800x533.jpg 800w, https:\/\/www.sick-stiftung.org\/ges\/wp-content\/uploads\/2018\/02\/Mathe-im-Advent-Grundschule-Orsingen-Nenzingen-Platz3-Beste-Grundschulen-1024x682.jpg 1024w, https:\/\/www.sick-stiftung.org\/ges\/wp-content\/uploads\/2018\/02\/Mathe-im-Advent-Grundschule-Orsingen-Nenzingen-Platz3-Beste-Grundschulen-1200x800.jpg 1200w, https:\/\/www.sick-stiftung.org\/ges\/wp-content\/uploads\/2018\/02\/Mathe-im-Advent-Grundschule-Orsingen-Nenzingen-Platz3-Beste-Grundschulen.jpg 1280w\" sizes=\"(max-width: 1280px) 100vw, 1280px\" \/><\/a>\n\t\t\t<\/dt><\/dl><br style=\"clear: both\" \/><dl class='gallery-item'>\n\t\t\t<dt class='gallery-icon landscape'>\n\t\t\t\t<a data-rel=\"iLightbox[postimages]\" data-title=\"Mathe-im-Advent-Hans-Thoma-Gemeinschaftsschule-Bad-Saeckingen-Kl6b-Platz1-Beste-Klasse-Jahrgangsstufe-6\" data-caption=\"\" href='https:\/\/www.sick-stiftung.org\/ges\/wp-content\/uploads\/2018\/02\/Mathe-im-Advent-Hans-Thoma-Gemeinschaftsschule-Bad-Saeckingen-Kl6b-Platz1-Beste-Klasse-Jahrgangsstufe-6.jpg'><img width=\"1280\" height=\"853\" src=\"https:\/\/www.sick-stiftung.org\/ges\/wp-content\/uploads\/2018\/02\/Mathe-im-Advent-Hans-Thoma-Gemeinschaftsschule-Bad-Saeckingen-Kl6b-Platz1-Beste-Klasse-Jahrgangsstufe-6.jpg\" class=\"attachment-full size-full\" alt=\"\" srcset=\"https:\/\/www.sick-stiftung.org\/ges\/wp-content\/uploads\/2018\/02\/Mathe-im-Advent-Hans-Thoma-Gemeinschaftsschule-Bad-Saeckingen-Kl6b-Platz1-Beste-Klasse-Jahrgangsstufe-6-200x133.jpg 200w, https:\/\/www.sick-stiftung.org\/ges\/wp-content\/uploads\/2018\/02\/Mathe-im-Advent-Hans-Thoma-Gemeinschaftsschule-Bad-Saeckingen-Kl6b-Platz1-Beste-Klasse-Jahrgangsstufe-6-338x225.jpg 338w, https:\/\/www.sick-stiftung.org\/ges\/wp-content\/uploads\/2018\/02\/Mathe-im-Advent-Hans-Thoma-Gemeinschaftsschule-Bad-Saeckingen-Kl6b-Platz1-Beste-Klasse-Jahrgangsstufe-6-400x267.jpg 400w, https:\/\/www.sick-stiftung.org\/ges\/wp-content\/uploads\/2018\/02\/Mathe-im-Advent-Hans-Thoma-Gemeinschaftsschule-Bad-Saeckingen-Kl6b-Platz1-Beste-Klasse-Jahrgangsstufe-6-600x400.jpg 600w, https:\/\/www.sick-stiftung.org\/ges\/wp-content\/uploads\/2018\/02\/Mathe-im-Advent-Hans-Thoma-Gemeinschaftsschule-Bad-Saeckingen-Kl6b-Platz1-Beste-Klasse-Jahrgangsstufe-6-768x512.jpg 768w, https:\/\/www.sick-stiftung.org\/ges\/wp-content\/uploads\/2018\/02\/Mathe-im-Advent-Hans-Thoma-Gemeinschaftsschule-Bad-Saeckingen-Kl6b-Platz1-Beste-Klasse-Jahrgangsstufe-6-800x533.jpg 800w, https:\/\/www.sick-stiftung.org\/ges\/wp-content\/uploads\/2018\/02\/Mathe-im-Advent-Hans-Thoma-Gemeinschaftsschule-Bad-Saeckingen-Kl6b-Platz1-Beste-Klasse-Jahrgangsstufe-6-1024x682.jpg 1024w, https:\/\/www.sick-stiftung.org\/ges\/wp-content\/uploads\/2018\/02\/Mathe-im-Advent-Hans-Thoma-Gemeinschaftsschule-Bad-Saeckingen-Kl6b-Platz1-Beste-Klasse-Jahrgangsstufe-6-1200x800.jpg 1200w, https:\/\/www.sick-stiftung.org\/ges\/wp-content\/uploads\/2018\/02\/Mathe-im-Advent-Hans-Thoma-Gemeinschaftsschule-Bad-Saeckingen-Kl6b-Platz1-Beste-Klasse-Jahrgangsstufe-6.jpg 1280w\" sizes=\"(max-width: 1280px) 100vw, 1280px\" \/><\/a>\n\t\t\t<\/dt><\/dl><dl class='gallery-item'>\n\t\t\t<dt class='gallery-icon landscape'>\n\t\t\t\t<a data-rel=\"iLightbox[postimages]\" data-title=\"Mathe-im-Advent-Hans-Thoma-Gymnasium-Loerrach-Kl10c-Platz2-Beste-Spaetstarterklasse\" data-caption=\"\" href='https:\/\/www.sick-stiftung.org\/ges\/wp-content\/uploads\/2018\/02\/Mathe-im-Advent-Hans-Thoma-Gymnasium-Loerrach-Kl10c-Platz2-Beste-Spaetstarterklasse.jpg'><img width=\"1280\" height=\"854\" src=\"https:\/\/www.sick-stiftung.org\/ges\/wp-content\/uploads\/2018\/02\/Mathe-im-Advent-Hans-Thoma-Gymnasium-Loerrach-Kl10c-Platz2-Beste-Spaetstarterklasse.jpg\" class=\"attachment-full size-full\" alt=\"\" srcset=\"https:\/\/www.sick-stiftung.org\/ges\/wp-content\/uploads\/2018\/02\/Mathe-im-Advent-Hans-Thoma-Gymnasium-Loerrach-Kl10c-Platz2-Beste-Spaetstarterklasse-200x133.jpg 200w, https:\/\/www.sick-stiftung.org\/ges\/wp-content\/uploads\/2018\/02\/Mathe-im-Advent-Hans-Thoma-Gymnasium-Loerrach-Kl10c-Platz2-Beste-Spaetstarterklasse-337x225.jpg 337w, https:\/\/www.sick-stiftung.org\/ges\/wp-content\/uploads\/2018\/02\/Mathe-im-Advent-Hans-Thoma-Gymnasium-Loerrach-Kl10c-Platz2-Beste-Spaetstarterklasse-400x267.jpg 400w, https:\/\/www.sick-stiftung.org\/ges\/wp-content\/uploads\/2018\/02\/Mathe-im-Advent-Hans-Thoma-Gymnasium-Loerrach-Kl10c-Platz2-Beste-Spaetstarterklasse-600x400.jpg 600w, https:\/\/www.sick-stiftung.org\/ges\/wp-content\/uploads\/2018\/02\/Mathe-im-Advent-Hans-Thoma-Gymnasium-Loerrach-Kl10c-Platz2-Beste-Spaetstarterklasse-768x512.jpg 768w, https:\/\/www.sick-stiftung.org\/ges\/wp-content\/uploads\/2018\/02\/Mathe-im-Advent-Hans-Thoma-Gymnasium-Loerrach-Kl10c-Platz2-Beste-Spaetstarterklasse-800x534.jpg 800w, https:\/\/www.sick-stiftung.org\/ges\/wp-content\/uploads\/2018\/02\/Mathe-im-Advent-Hans-Thoma-Gymnasium-Loerrach-Kl10c-Platz2-Beste-Spaetstarterklasse-1024x683.jpg 1024w, https:\/\/www.sick-stiftung.org\/ges\/wp-content\/uploads\/2018\/02\/Mathe-im-Advent-Hans-Thoma-Gymnasium-Loerrach-Kl10c-Platz2-Beste-Spaetstarterklasse-1200x801.jpg 1200w, https:\/\/www.sick-stiftung.org\/ges\/wp-content\/uploads\/2018\/02\/Mathe-im-Advent-Hans-Thoma-Gymnasium-Loerrach-Kl10c-Platz2-Beste-Spaetstarterklasse.jpg 1280w\" sizes=\"(max-width: 1280px) 100vw, 1280px\" \/><\/a>\n\t\t\t<\/dt><\/dl><dl class='gallery-item'>\n\t\t\t<dt class='gallery-icon landscape'>\n\t\t\t\t<a data-rel=\"iLightbox[postimages]\" data-title=\"Mathe-im-Advent-Hans-Thoma-Gymnasium-Loerrach-Platz3-Beste-Schulen\" data-caption=\"\" href='https:\/\/www.sick-stiftung.org\/ges\/wp-content\/uploads\/2018\/02\/Mathe-im-Advent-Hans-Thoma-Gymnasium-Loerrach-Platz3-Beste-Schulen.jpg'><img width=\"1280\" height=\"853\" src=\"https:\/\/www.sick-stiftung.org\/ges\/wp-content\/uploads\/2018\/02\/Mathe-im-Advent-Hans-Thoma-Gymnasium-Loerrach-Platz3-Beste-Schulen.jpg\" class=\"attachment-full size-full\" alt=\"\" srcset=\"https:\/\/www.sick-stiftung.org\/ges\/wp-content\/uploads\/2018\/02\/Mathe-im-Advent-Hans-Thoma-Gymnasium-Loerrach-Platz3-Beste-Schulen-200x133.jpg 200w, https:\/\/www.sick-stiftung.org\/ges\/wp-content\/uploads\/2018\/02\/Mathe-im-Advent-Hans-Thoma-Gymnasium-Loerrach-Platz3-Beste-Schulen-338x225.jpg 338w, https:\/\/www.sick-stiftung.org\/ges\/wp-content\/uploads\/2018\/02\/Mathe-im-Advent-Hans-Thoma-Gymnasium-Loerrach-Platz3-Beste-Schulen-400x267.jpg 400w, https:\/\/www.sick-stiftung.org\/ges\/wp-content\/uploads\/2018\/02\/Mathe-im-Advent-Hans-Thoma-Gymnasium-Loerrach-Platz3-Beste-Schulen-600x400.jpg 600w, https:\/\/www.sick-stiftung.org\/ges\/wp-content\/uploads\/2018\/02\/Mathe-im-Advent-Hans-Thoma-Gymnasium-Loerrach-Platz3-Beste-Schulen-768x512.jpg 768w, https:\/\/www.sick-stiftung.org\/ges\/wp-content\/uploads\/2018\/02\/Mathe-im-Advent-Hans-Thoma-Gymnasium-Loerrach-Platz3-Beste-Schulen-800x533.jpg 800w, https:\/\/www.sick-stiftung.org\/ges\/wp-content\/uploads\/2018\/02\/Mathe-im-Advent-Hans-Thoma-Gymnasium-Loerrach-Platz3-Beste-Schulen-1024x682.jpg 1024w, https:\/\/www.sick-stiftung.org\/ges\/wp-content\/uploads\/2018\/02\/Mathe-im-Advent-Hans-Thoma-Gymnasium-Loerrach-Platz3-Beste-Schulen-1200x800.jpg 1200w, https:\/\/www.sick-stiftung.org\/ges\/wp-content\/uploads\/2018\/02\/Mathe-im-Advent-Hans-Thoma-Gymnasium-Loerrach-Platz3-Beste-Schulen.jpg 1280w\" sizes=\"(max-width: 1280px) 100vw, 1280px\" \/><\/a>\n\t\t\t<\/dt><\/dl><dl class='gallery-item'>\n\t\t\t<dt class='gallery-icon landscape'>\n\t\t\t\t<a data-rel=\"iLightbox[postimages]\" data-title=\"Mathe-im-Advent-Hochrhein-Gymnasium-Waldshut-Tiengen-Kl5a-Platz1-Beste-Klasse-Jahrgangsstufe-5\" data-caption=\"\" href='https:\/\/www.sick-stiftung.org\/ges\/wp-content\/uploads\/2018\/02\/Mathe-im-Advent-Hochrhein-Gymnasium-Waldshut-Tiengen-Kl5a-Platz1-Beste-Klasse-Jahrgangsstufe-5.jpg'><img width=\"1280\" height=\"854\" src=\"https:\/\/www.sick-stiftung.org\/ges\/wp-content\/uploads\/2018\/02\/Mathe-im-Advent-Hochrhein-Gymnasium-Waldshut-Tiengen-Kl5a-Platz1-Beste-Klasse-Jahrgangsstufe-5.jpg\" class=\"attachment-full size-full\" alt=\"\" srcset=\"https:\/\/www.sick-stiftung.org\/ges\/wp-content\/uploads\/2018\/02\/Mathe-im-Advent-Hochrhein-Gymnasium-Waldshut-Tiengen-Kl5a-Platz1-Beste-Klasse-Jahrgangsstufe-5-200x133.jpg 200w, https:\/\/www.sick-stiftung.org\/ges\/wp-content\/uploads\/2018\/02\/Mathe-im-Advent-Hochrhein-Gymnasium-Waldshut-Tiengen-Kl5a-Platz1-Beste-Klasse-Jahrgangsstufe-5-337x225.jpg 337w, https:\/\/www.sick-stiftung.org\/ges\/wp-content\/uploads\/2018\/02\/Mathe-im-Advent-Hochrhein-Gymnasium-Waldshut-Tiengen-Kl5a-Platz1-Beste-Klasse-Jahrgangsstufe-5-400x267.jpg 400w, https:\/\/www.sick-stiftung.org\/ges\/wp-content\/uploads\/2018\/02\/Mathe-im-Advent-Hochrhein-Gymnasium-Waldshut-Tiengen-Kl5a-Platz1-Beste-Klasse-Jahrgangsstufe-5-600x400.jpg 600w, https:\/\/www.sick-stiftung.org\/ges\/wp-content\/uploads\/2018\/02\/Mathe-im-Advent-Hochrhein-Gymnasium-Waldshut-Tiengen-Kl5a-Platz1-Beste-Klasse-Jahrgangsstufe-5-768x512.jpg 768w, https:\/\/www.sick-stiftung.org\/ges\/wp-content\/uploads\/2018\/02\/Mathe-im-Advent-Hochrhein-Gymnasium-Waldshut-Tiengen-Kl5a-Platz1-Beste-Klasse-Jahrgangsstufe-5-800x534.jpg 800w, https:\/\/www.sick-stiftung.org\/ges\/wp-content\/uploads\/2018\/02\/Mathe-im-Advent-Hochrhein-Gymnasium-Waldshut-Tiengen-Kl5a-Platz1-Beste-Klasse-Jahrgangsstufe-5-1024x683.jpg 1024w, https:\/\/www.sick-stiftung.org\/ges\/wp-content\/uploads\/2018\/02\/Mathe-im-Advent-Hochrhein-Gymnasium-Waldshut-Tiengen-Kl5a-Platz1-Beste-Klasse-Jahrgangsstufe-5-1200x801.jpg 1200w, https:\/\/www.sick-stiftung.org\/ges\/wp-content\/uploads\/2018\/02\/Mathe-im-Advent-Hochrhein-Gymnasium-Waldshut-Tiengen-Kl5a-Platz1-Beste-Klasse-Jahrgangsstufe-5.jpg 1280w\" sizes=\"(max-width: 1280px) 100vw, 1280px\" \/><\/a>\n\t\t\t<\/dt><\/dl><br style=\"clear: both\" \/><dl class='gallery-item'>\n\t\t\t<dt class='gallery-icon landscape'>\n\t\t\t\t<a data-rel=\"iLightbox[postimages]\" data-title=\"Mathe-im-Advent-Hochrhein-Gymnasium-Waldshut-Tiengen-Kl6a-Platz2-Beste-Klasse-Jahrgangsstufe-6\" data-caption=\"\" href='https:\/\/www.sick-stiftung.org\/ges\/wp-content\/uploads\/2018\/02\/Mathe-im-Advent-Hochrhein-Gymnasium-Waldshut-Tiengen-Kl6a-Platz2-Beste-Klasse-Jahrgangsstufe-6.jpg'><img width=\"1280\" height=\"853\" src=\"https:\/\/www.sick-stiftung.org\/ges\/wp-content\/uploads\/2018\/02\/Mathe-im-Advent-Hochrhein-Gymnasium-Waldshut-Tiengen-Kl6a-Platz2-Beste-Klasse-Jahrgangsstufe-6.jpg\" class=\"attachment-full size-full\" alt=\"\" srcset=\"https:\/\/www.sick-stiftung.org\/ges\/wp-content\/uploads\/2018\/02\/Mathe-im-Advent-Hochrhein-Gymnasium-Waldshut-Tiengen-Kl6a-Platz2-Beste-Klasse-Jahrgangsstufe-6-200x133.jpg 200w, https:\/\/www.sick-stiftung.org\/ges\/wp-content\/uploads\/2018\/02\/Mathe-im-Advent-Hochrhein-Gymnasium-Waldshut-Tiengen-Kl6a-Platz2-Beste-Klasse-Jahrgangsstufe-6-338x225.jpg 338w, https:\/\/www.sick-stiftung.org\/ges\/wp-content\/uploads\/2018\/02\/Mathe-im-Advent-Hochrhein-Gymnasium-Waldshut-Tiengen-Kl6a-Platz2-Beste-Klasse-Jahrgangsstufe-6-400x267.jpg 400w, https:\/\/www.sick-stiftung.org\/ges\/wp-content\/uploads\/2018\/02\/Mathe-im-Advent-Hochrhein-Gymnasium-Waldshut-Tiengen-Kl6a-Platz2-Beste-Klasse-Jahrgangsstufe-6-600x400.jpg 600w, https:\/\/www.sick-stiftung.org\/ges\/wp-content\/uploads\/2018\/02\/Mathe-im-Advent-Hochrhein-Gymnasium-Waldshut-Tiengen-Kl6a-Platz2-Beste-Klasse-Jahrgangsstufe-6-768x512.jpg 768w, https:\/\/www.sick-stiftung.org\/ges\/wp-content\/uploads\/2018\/02\/Mathe-im-Advent-Hochrhein-Gymnasium-Waldshut-Tiengen-Kl6a-Platz2-Beste-Klasse-Jahrgangsstufe-6-800x533.jpg 800w, https:\/\/www.sick-stiftung.org\/ges\/wp-content\/uploads\/2018\/02\/Mathe-im-Advent-Hochrhein-Gymnasium-Waldshut-Tiengen-Kl6a-Platz2-Beste-Klasse-Jahrgangsstufe-6-1024x682.jpg 1024w, https:\/\/www.sick-stiftung.org\/ges\/wp-content\/uploads\/2018\/02\/Mathe-im-Advent-Hochrhein-Gymnasium-Waldshut-Tiengen-Kl6a-Platz2-Beste-Klasse-Jahrgangsstufe-6-1200x800.jpg 1200w, https:\/\/www.sick-stiftung.org\/ges\/wp-content\/uploads\/2018\/02\/Mathe-im-Advent-Hochrhein-Gymnasium-Waldshut-Tiengen-Kl6a-Platz2-Beste-Klasse-Jahrgangsstufe-6.jpg 1280w\" sizes=\"(max-width: 1280px) 100vw, 1280px\" \/><\/a>\n\t\t\t<\/dt><\/dl><dl class='gallery-item'>\n\t\t\t<dt class='gallery-icon landscape'>\n\t\t\t\t<a data-rel=\"iLightbox[postimages]\" data-title=\"Mathe-im-Advent-Johanniterschule-Heitersheim-Platz2-Beste-Grundschulen\" data-caption=\"\" href='https:\/\/www.sick-stiftung.org\/ges\/wp-content\/uploads\/2018\/02\/Mathe-im-Advent-Johanniterschule-Heitersheim-Platz2-Beste-Grundschulen.jpg'><img width=\"1280\" height=\"853\" src=\"https:\/\/www.sick-stiftung.org\/ges\/wp-content\/uploads\/2018\/02\/Mathe-im-Advent-Johanniterschule-Heitersheim-Platz2-Beste-Grundschulen.jpg\" class=\"attachment-full size-full\" alt=\"\" srcset=\"https:\/\/www.sick-stiftung.org\/ges\/wp-content\/uploads\/2018\/02\/Mathe-im-Advent-Johanniterschule-Heitersheim-Platz2-Beste-Grundschulen-200x133.jpg 200w, https:\/\/www.sick-stiftung.org\/ges\/wp-content\/uploads\/2018\/02\/Mathe-im-Advent-Johanniterschule-Heitersheim-Platz2-Beste-Grundschulen-338x225.jpg 338w, https:\/\/www.sick-stiftung.org\/ges\/wp-content\/uploads\/2018\/02\/Mathe-im-Advent-Johanniterschule-Heitersheim-Platz2-Beste-Grundschulen-400x267.jpg 400w, https:\/\/www.sick-stiftung.org\/ges\/wp-content\/uploads\/2018\/02\/Mathe-im-Advent-Johanniterschule-Heitersheim-Platz2-Beste-Grundschulen-600x400.jpg 600w, https:\/\/www.sick-stiftung.org\/ges\/wp-content\/uploads\/2018\/02\/Mathe-im-Advent-Johanniterschule-Heitersheim-Platz2-Beste-Grundschulen-768x512.jpg 768w, https:\/\/www.sick-stiftung.org\/ges\/wp-content\/uploads\/2018\/02\/Mathe-im-Advent-Johanniterschule-Heitersheim-Platz2-Beste-Grundschulen-800x533.jpg 800w, https:\/\/www.sick-stiftung.org\/ges\/wp-content\/uploads\/2018\/02\/Mathe-im-Advent-Johanniterschule-Heitersheim-Platz2-Beste-Grundschulen-1024x682.jpg 1024w, https:\/\/www.sick-stiftung.org\/ges\/wp-content\/uploads\/2018\/02\/Mathe-im-Advent-Johanniterschule-Heitersheim-Platz2-Beste-Grundschulen-1200x800.jpg 1200w, https:\/\/www.sick-stiftung.org\/ges\/wp-content\/uploads\/2018\/02\/Mathe-im-Advent-Johanniterschule-Heitersheim-Platz2-Beste-Grundschulen.jpg 1280w\" sizes=\"(max-width: 1280px) 100vw, 1280px\" \/><\/a>\n\t\t\t<\/dt><\/dl><dl class='gallery-item'>\n\t\t\t<dt class='gallery-icon landscape'>\n\t\t\t\t<a data-rel=\"iLightbox[postimages]\" data-title=\"Mathe-im-Advent-Leibniz-Gymnasium-Rottweil-Kl7b-Platz3-Beste-Klasse-Jahrgangsstufe-7\" data-caption=\"\" href='https:\/\/www.sick-stiftung.org\/ges\/wp-content\/uploads\/2018\/02\/Mathe-im-Advent-Leibniz-Gymnasium-Rottweil-Kl7b-Platz3-Beste-Klasse-Jahrgangsstufe-7.jpg'><img width=\"1280\" height=\"853\" src=\"https:\/\/www.sick-stiftung.org\/ges\/wp-content\/uploads\/2018\/02\/Mathe-im-Advent-Leibniz-Gymnasium-Rottweil-Kl7b-Platz3-Beste-Klasse-Jahrgangsstufe-7.jpg\" class=\"attachment-full size-full\" alt=\"\" srcset=\"https:\/\/www.sick-stiftung.org\/ges\/wp-content\/uploads\/2018\/02\/Mathe-im-Advent-Leibniz-Gymnasium-Rottweil-Kl7b-Platz3-Beste-Klasse-Jahrgangsstufe-7-200x133.jpg 200w, https:\/\/www.sick-stiftung.org\/ges\/wp-content\/uploads\/2018\/02\/Mathe-im-Advent-Leibniz-Gymnasium-Rottweil-Kl7b-Platz3-Beste-Klasse-Jahrgangsstufe-7-338x225.jpg 338w, https:\/\/www.sick-stiftung.org\/ges\/wp-content\/uploads\/2018\/02\/Mathe-im-Advent-Leibniz-Gymnasium-Rottweil-Kl7b-Platz3-Beste-Klasse-Jahrgangsstufe-7-400x267.jpg 400w, https:\/\/www.sick-stiftung.org\/ges\/wp-content\/uploads\/2018\/02\/Mathe-im-Advent-Leibniz-Gymnasium-Rottweil-Kl7b-Platz3-Beste-Klasse-Jahrgangsstufe-7-600x400.jpg 600w, https:\/\/www.sick-stiftung.org\/ges\/wp-content\/uploads\/2018\/02\/Mathe-im-Advent-Leibniz-Gymnasium-Rottweil-Kl7b-Platz3-Beste-Klasse-Jahrgangsstufe-7-768x512.jpg 768w, https:\/\/www.sick-stiftung.org\/ges\/wp-content\/uploads\/2018\/02\/Mathe-im-Advent-Leibniz-Gymnasium-Rottweil-Kl7b-Platz3-Beste-Klasse-Jahrgangsstufe-7-800x533.jpg 800w, https:\/\/www.sick-stiftung.org\/ges\/wp-content\/uploads\/2018\/02\/Mathe-im-Advent-Leibniz-Gymnasium-Rottweil-Kl7b-Platz3-Beste-Klasse-Jahrgangsstufe-7-1024x682.jpg 1024w, https:\/\/www.sick-stiftung.org\/ges\/wp-content\/uploads\/2018\/02\/Mathe-im-Advent-Leibniz-Gymnasium-Rottweil-Kl7b-Platz3-Beste-Klasse-Jahrgangsstufe-7-1200x800.jpg 1200w, https:\/\/www.sick-stiftung.org\/ges\/wp-content\/uploads\/2018\/02\/Mathe-im-Advent-Leibniz-Gymnasium-Rottweil-Kl7b-Platz3-Beste-Klasse-Jahrgangsstufe-7.jpg 1280w\" sizes=\"(max-width: 1280px) 100vw, 1280px\" \/><\/a>\n\t\t\t<\/dt><\/dl><dl class='gallery-item'>\n\t\t\t<dt class='gallery-icon landscape'>\n\t\t\t\t<a data-rel=\"iLightbox[postimages]\" data-title=\"Mathe-im-Advent-Leibniz-Gymnasium-Rottweil-Kl9d-Platz2-Beste-Klasse-Jahrgangsstufe-9\" data-caption=\"\" href='https:\/\/www.sick-stiftung.org\/ges\/wp-content\/uploads\/2018\/02\/Mathe-im-Advent-Leibniz-Gymnasium-Rottweil-Kl9d-Platz2-Beste-Klasse-Jahrgangsstufe-9.jpg'><img width=\"1280\" height=\"854\" src=\"https:\/\/www.sick-stiftung.org\/ges\/wp-content\/uploads\/2018\/02\/Mathe-im-Advent-Leibniz-Gymnasium-Rottweil-Kl9d-Platz2-Beste-Klasse-Jahrgangsstufe-9.jpg\" class=\"attachment-full size-full\" alt=\"\" srcset=\"https:\/\/www.sick-stiftung.org\/ges\/wp-content\/uploads\/2018\/02\/Mathe-im-Advent-Leibniz-Gymnasium-Rottweil-Kl9d-Platz2-Beste-Klasse-Jahrgangsstufe-9-200x133.jpg 200w, https:\/\/www.sick-stiftung.org\/ges\/wp-content\/uploads\/2018\/02\/Mathe-im-Advent-Leibniz-Gymnasium-Rottweil-Kl9d-Platz2-Beste-Klasse-Jahrgangsstufe-9-337x225.jpg 337w, https:\/\/www.sick-stiftung.org\/ges\/wp-content\/uploads\/2018\/02\/Mathe-im-Advent-Leibniz-Gymnasium-Rottweil-Kl9d-Platz2-Beste-Klasse-Jahrgangsstufe-9-400x267.jpg 400w, https:\/\/www.sick-stiftung.org\/ges\/wp-content\/uploads\/2018\/02\/Mathe-im-Advent-Leibniz-Gymnasium-Rottweil-Kl9d-Platz2-Beste-Klasse-Jahrgangsstufe-9-600x400.jpg 600w, https:\/\/www.sick-stiftung.org\/ges\/wp-content\/uploads\/2018\/02\/Mathe-im-Advent-Leibniz-Gymnasium-Rottweil-Kl9d-Platz2-Beste-Klasse-Jahrgangsstufe-9-768x512.jpg 768w, https:\/\/www.sick-stiftung.org\/ges\/wp-content\/uploads\/2018\/02\/Mathe-im-Advent-Leibniz-Gymnasium-Rottweil-Kl9d-Platz2-Beste-Klasse-Jahrgangsstufe-9-800x534.jpg 800w, https:\/\/www.sick-stiftung.org\/ges\/wp-content\/uploads\/2018\/02\/Mathe-im-Advent-Leibniz-Gymnasium-Rottweil-Kl9d-Platz2-Beste-Klasse-Jahrgangsstufe-9-1024x683.jpg 1024w, https:\/\/www.sick-stiftung.org\/ges\/wp-content\/uploads\/2018\/02\/Mathe-im-Advent-Leibniz-Gymnasium-Rottweil-Kl9d-Platz2-Beste-Klasse-Jahrgangsstufe-9-1200x801.jpg 1200w, https:\/\/www.sick-stiftung.org\/ges\/wp-content\/uploads\/2018\/02\/Mathe-im-Advent-Leibniz-Gymnasium-Rottweil-Kl9d-Platz2-Beste-Klasse-Jahrgangsstufe-9.jpg 1280w\" sizes=\"(max-width: 1280px) 100vw, 1280px\" \/><\/a>\n\t\t\t<\/dt><\/dl><br style=\"clear: both\" \/><dl class='gallery-item'>\n\t\t\t<dt class='gallery-icon landscape'>\n\t\t\t\t<a data-rel=\"iLightbox[postimages]\" data-title=\"Mathe-im-Advent-Ludwig-Frank-Grundschule-Schwanau-Kl3c-Platz3-Beste-Fruehstarterklasse\" data-caption=\"\" href='https:\/\/www.sick-stiftung.org\/ges\/wp-content\/uploads\/2018\/02\/Mathe-im-Advent-Ludwig-Frank-Grundschule-Schwanau-Kl3c-Platz3-Beste-Fruehstarterklasse.jpg'><img width=\"1280\" height=\"853\" src=\"https:\/\/www.sick-stiftung.org\/ges\/wp-content\/uploads\/2018\/02\/Mathe-im-Advent-Ludwig-Frank-Grundschule-Schwanau-Kl3c-Platz3-Beste-Fruehstarterklasse.jpg\" class=\"attachment-full size-full\" alt=\"\" srcset=\"https:\/\/www.sick-stiftung.org\/ges\/wp-content\/uploads\/2018\/02\/Mathe-im-Advent-Ludwig-Frank-Grundschule-Schwanau-Kl3c-Platz3-Beste-Fruehstarterklasse-200x133.jpg 200w, https:\/\/www.sick-stiftung.org\/ges\/wp-content\/uploads\/2018\/02\/Mathe-im-Advent-Ludwig-Frank-Grundschule-Schwanau-Kl3c-Platz3-Beste-Fruehstarterklasse-338x225.jpg 338w, https:\/\/www.sick-stiftung.org\/ges\/wp-content\/uploads\/2018\/02\/Mathe-im-Advent-Ludwig-Frank-Grundschule-Schwanau-Kl3c-Platz3-Beste-Fruehstarterklasse-400x267.jpg 400w, https:\/\/www.sick-stiftung.org\/ges\/wp-content\/uploads\/2018\/02\/Mathe-im-Advent-Ludwig-Frank-Grundschule-Schwanau-Kl3c-Platz3-Beste-Fruehstarterklasse-600x400.jpg 600w, https:\/\/www.sick-stiftung.org\/ges\/wp-content\/uploads\/2018\/02\/Mathe-im-Advent-Ludwig-Frank-Grundschule-Schwanau-Kl3c-Platz3-Beste-Fruehstarterklasse-768x512.jpg 768w, https:\/\/www.sick-stiftung.org\/ges\/wp-content\/uploads\/2018\/02\/Mathe-im-Advent-Ludwig-Frank-Grundschule-Schwanau-Kl3c-Platz3-Beste-Fruehstarterklasse-800x533.jpg 800w, https:\/\/www.sick-stiftung.org\/ges\/wp-content\/uploads\/2018\/02\/Mathe-im-Advent-Ludwig-Frank-Grundschule-Schwanau-Kl3c-Platz3-Beste-Fruehstarterklasse-1024x682.jpg 1024w, https:\/\/www.sick-stiftung.org\/ges\/wp-content\/uploads\/2018\/02\/Mathe-im-Advent-Ludwig-Frank-Grundschule-Schwanau-Kl3c-Platz3-Beste-Fruehstarterklasse-1200x800.jpg 1200w, https:\/\/www.sick-stiftung.org\/ges\/wp-content\/uploads\/2018\/02\/Mathe-im-Advent-Ludwig-Frank-Grundschule-Schwanau-Kl3c-Platz3-Beste-Fruehstarterklasse.jpg 1280w\" sizes=\"(max-width: 1280px) 100vw, 1280px\" \/><\/a>\n\t\t\t<\/dt><\/dl><dl class='gallery-item'>\n\t\t\t<dt class='gallery-icon landscape'>\n\t\t\t\t<a data-rel=\"iLightbox[postimages]\" data-title=\"Mathe-im-Advent-Markgrafen-Grund-und-Realschule-Emmendingen-Platz1-Beste-Grund-und-Mittelschulen\" data-caption=\"\" href='https:\/\/www.sick-stiftung.org\/ges\/wp-content\/uploads\/2018\/02\/Mathe-im-Advent-Markgrafen-Grund-und-Realschule-Emmendingen-Platz1-Beste-Grund-und-Mittelschulen.jpg'><img width=\"1280\" height=\"853\" src=\"https:\/\/www.sick-stiftung.org\/ges\/wp-content\/uploads\/2018\/02\/Mathe-im-Advent-Markgrafen-Grund-und-Realschule-Emmendingen-Platz1-Beste-Grund-und-Mittelschulen.jpg\" class=\"attachment-full size-full\" alt=\"\" srcset=\"https:\/\/www.sick-stiftung.org\/ges\/wp-content\/uploads\/2018\/02\/Mathe-im-Advent-Markgrafen-Grund-und-Realschule-Emmendingen-Platz1-Beste-Grund-und-Mittelschulen-200x133.jpg 200w, https:\/\/www.sick-stiftung.org\/ges\/wp-content\/uploads\/2018\/02\/Mathe-im-Advent-Markgrafen-Grund-und-Realschule-Emmendingen-Platz1-Beste-Grund-und-Mittelschulen-338x225.jpg 338w, https:\/\/www.sick-stiftung.org\/ges\/wp-content\/uploads\/2018\/02\/Mathe-im-Advent-Markgrafen-Grund-und-Realschule-Emmendingen-Platz1-Beste-Grund-und-Mittelschulen-400x267.jpg 400w, https:\/\/www.sick-stiftung.org\/ges\/wp-content\/uploads\/2018\/02\/Mathe-im-Advent-Markgrafen-Grund-und-Realschule-Emmendingen-Platz1-Beste-Grund-und-Mittelschulen-600x400.jpg 600w, https:\/\/www.sick-stiftung.org\/ges\/wp-content\/uploads\/2018\/02\/Mathe-im-Advent-Markgrafen-Grund-und-Realschule-Emmendingen-Platz1-Beste-Grund-und-Mittelschulen-768x512.jpg 768w, https:\/\/www.sick-stiftung.org\/ges\/wp-content\/uploads\/2018\/02\/Mathe-im-Advent-Markgrafen-Grund-und-Realschule-Emmendingen-Platz1-Beste-Grund-und-Mittelschulen-800x533.jpg 800w, https:\/\/www.sick-stiftung.org\/ges\/wp-content\/uploads\/2018\/02\/Mathe-im-Advent-Markgrafen-Grund-und-Realschule-Emmendingen-Platz1-Beste-Grund-und-Mittelschulen-1024x682.jpg 1024w, https:\/\/www.sick-stiftung.org\/ges\/wp-content\/uploads\/2018\/02\/Mathe-im-Advent-Markgrafen-Grund-und-Realschule-Emmendingen-Platz1-Beste-Grund-und-Mittelschulen-1200x800.jpg 1200w, https:\/\/www.sick-stiftung.org\/ges\/wp-content\/uploads\/2018\/02\/Mathe-im-Advent-Markgrafen-Grund-und-Realschule-Emmendingen-Platz1-Beste-Grund-und-Mittelschulen.jpg 1280w\" sizes=\"(max-width: 1280px) 100vw, 1280px\" \/><\/a>\n\t\t\t<\/dt><\/dl><dl class='gallery-item'>\n\t\t\t<dt class='gallery-icon landscape'>\n\t\t\t\t<a data-rel=\"iLightbox[postimages]\" data-title=\"Mathe-im-Advent-Montessori-Zentrum-Angell-Freiburg-Kl8b-Platz1-Beste-Klasse-Jahrgangsstufe-8\" data-caption=\"\" href='https:\/\/www.sick-stiftung.org\/ges\/wp-content\/uploads\/2018\/02\/Mathe-im-Advent-Montessori-Zentrum-Angell-Freiburg-Kl8b-Platz1-Beste-Klasse-Jahrgangsstufe-8.jpg'><img width=\"1280\" height=\"853\" src=\"https:\/\/www.sick-stiftung.org\/ges\/wp-content\/uploads\/2018\/02\/Mathe-im-Advent-Montessori-Zentrum-Angell-Freiburg-Kl8b-Platz1-Beste-Klasse-Jahrgangsstufe-8.jpg\" class=\"attachment-full size-full\" alt=\"\" srcset=\"https:\/\/www.sick-stiftung.org\/ges\/wp-content\/uploads\/2018\/02\/Mathe-im-Advent-Montessori-Zentrum-Angell-Freiburg-Kl8b-Platz1-Beste-Klasse-Jahrgangsstufe-8-200x133.jpg 200w, https:\/\/www.sick-stiftung.org\/ges\/wp-content\/uploads\/2018\/02\/Mathe-im-Advent-Montessori-Zentrum-Angell-Freiburg-Kl8b-Platz1-Beste-Klasse-Jahrgangsstufe-8-338x225.jpg 338w, https:\/\/www.sick-stiftung.org\/ges\/wp-content\/uploads\/2018\/02\/Mathe-im-Advent-Montessori-Zentrum-Angell-Freiburg-Kl8b-Platz1-Beste-Klasse-Jahrgangsstufe-8-400x267.jpg 400w, https:\/\/www.sick-stiftung.org\/ges\/wp-content\/uploads\/2018\/02\/Mathe-im-Advent-Montessori-Zentrum-Angell-Freiburg-Kl8b-Platz1-Beste-Klasse-Jahrgangsstufe-8-600x400.jpg 600w, https:\/\/www.sick-stiftung.org\/ges\/wp-content\/uploads\/2018\/02\/Mathe-im-Advent-Montessori-Zentrum-Angell-Freiburg-Kl8b-Platz1-Beste-Klasse-Jahrgangsstufe-8-768x512.jpg 768w, https:\/\/www.sick-stiftung.org\/ges\/wp-content\/uploads\/2018\/02\/Mathe-im-Advent-Montessori-Zentrum-Angell-Freiburg-Kl8b-Platz1-Beste-Klasse-Jahrgangsstufe-8-800x533.jpg 800w, https:\/\/www.sick-stiftung.org\/ges\/wp-content\/uploads\/2018\/02\/Mathe-im-Advent-Montessori-Zentrum-Angell-Freiburg-Kl8b-Platz1-Beste-Klasse-Jahrgangsstufe-8-1024x682.jpg 1024w, https:\/\/www.sick-stiftung.org\/ges\/wp-content\/uploads\/2018\/02\/Mathe-im-Advent-Montessori-Zentrum-Angell-Freiburg-Kl8b-Platz1-Beste-Klasse-Jahrgangsstufe-8-1200x800.jpg 1200w, https:\/\/www.sick-stiftung.org\/ges\/wp-content\/uploads\/2018\/02\/Mathe-im-Advent-Montessori-Zentrum-Angell-Freiburg-Kl8b-Platz1-Beste-Klasse-Jahrgangsstufe-8.jpg 1280w\" sizes=\"(max-width: 1280px) 100vw, 1280px\" \/><\/a>\n\t\t\t<\/dt><\/dl><dl class='gallery-item'>\n\t\t\t<dt class='gallery-icon landscape'>\n\t\t\t\t<a data-rel=\"iLightbox[postimages]\" data-title=\"Mathe-im-Advent-Montessori-Zentrum-Angell-Freiburg-Platz1-Beste-Montessori-Schulen\" data-caption=\"\" href='https:\/\/www.sick-stiftung.org\/ges\/wp-content\/uploads\/2018\/02\/Mathe-im-Advent-Montessori-Zentrum-Angell-Freiburg-Platz1-Beste-Montessori-Schulen.jpg'><img width=\"1280\" height=\"853\" src=\"https:\/\/www.sick-stiftung.org\/ges\/wp-content\/uploads\/2018\/02\/Mathe-im-Advent-Montessori-Zentrum-Angell-Freiburg-Platz1-Beste-Montessori-Schulen.jpg\" class=\"attachment-full size-full\" alt=\"\" srcset=\"https:\/\/www.sick-stiftung.org\/ges\/wp-content\/uploads\/2018\/02\/Mathe-im-Advent-Montessori-Zentrum-Angell-Freiburg-Platz1-Beste-Montessori-Schulen-200x133.jpg 200w, https:\/\/www.sick-stiftung.org\/ges\/wp-content\/uploads\/2018\/02\/Mathe-im-Advent-Montessori-Zentrum-Angell-Freiburg-Platz1-Beste-Montessori-Schulen-338x225.jpg 338w, https:\/\/www.sick-stiftung.org\/ges\/wp-content\/uploads\/2018\/02\/Mathe-im-Advent-Montessori-Zentrum-Angell-Freiburg-Platz1-Beste-Montessori-Schulen-400x267.jpg 400w, https:\/\/www.sick-stiftung.org\/ges\/wp-content\/uploads\/2018\/02\/Mathe-im-Advent-Montessori-Zentrum-Angell-Freiburg-Platz1-Beste-Montessori-Schulen-600x400.jpg 600w, https:\/\/www.sick-stiftung.org\/ges\/wp-content\/uploads\/2018\/02\/Mathe-im-Advent-Montessori-Zentrum-Angell-Freiburg-Platz1-Beste-Montessori-Schulen-768x512.jpg 768w, https:\/\/www.sick-stiftung.org\/ges\/wp-content\/uploads\/2018\/02\/Mathe-im-Advent-Montessori-Zentrum-Angell-Freiburg-Platz1-Beste-Montessori-Schulen-800x533.jpg 800w, https:\/\/www.sick-stiftung.org\/ges\/wp-content\/uploads\/2018\/02\/Mathe-im-Advent-Montessori-Zentrum-Angell-Freiburg-Platz1-Beste-Montessori-Schulen-1024x682.jpg 1024w, https:\/\/www.sick-stiftung.org\/ges\/wp-content\/uploads\/2018\/02\/Mathe-im-Advent-Montessori-Zentrum-Angell-Freiburg-Platz1-Beste-Montessori-Schulen-1200x800.jpg 1200w, https:\/\/www.sick-stiftung.org\/ges\/wp-content\/uploads\/2018\/02\/Mathe-im-Advent-Montessori-Zentrum-Angell-Freiburg-Platz1-Beste-Montessori-Schulen.jpg 1280w\" sizes=\"(max-width: 1280px) 100vw, 1280px\" \/><\/a>\n\t\t\t<\/dt><\/dl><br style=\"clear: both\" \/><dl class='gallery-item'>\n\t\t\t<dt class='gallery-icon landscape'>\n\t\t\t\t<a data-rel=\"iLightbox[postimages]\" data-title=\"Mathe-im-Advent-Realschule-Kollnau-Waldkirch-Platz2-Beste-Sekundarschule\" data-caption=\"\" href='https:\/\/www.sick-stiftung.org\/ges\/wp-content\/uploads\/2018\/02\/Mathe-im-Advent-Realschule-Kollnau-Waldkirch-Platz2-Beste-Sekundarschule.jpg'><img width=\"1280\" height=\"853\" src=\"https:\/\/www.sick-stiftung.org\/ges\/wp-content\/uploads\/2018\/02\/Mathe-im-Advent-Realschule-Kollnau-Waldkirch-Platz2-Beste-Sekundarschule.jpg\" class=\"attachment-full size-full\" alt=\"\" srcset=\"https:\/\/www.sick-stiftung.org\/ges\/wp-content\/uploads\/2018\/02\/Mathe-im-Advent-Realschule-Kollnau-Waldkirch-Platz2-Beste-Sekundarschule-200x133.jpg 200w, https:\/\/www.sick-stiftung.org\/ges\/wp-content\/uploads\/2018\/02\/Mathe-im-Advent-Realschule-Kollnau-Waldkirch-Platz2-Beste-Sekundarschule-338x225.jpg 338w, https:\/\/www.sick-stiftung.org\/ges\/wp-content\/uploads\/2018\/02\/Mathe-im-Advent-Realschule-Kollnau-Waldkirch-Platz2-Beste-Sekundarschule-400x267.jpg 400w, https:\/\/www.sick-stiftung.org\/ges\/wp-content\/uploads\/2018\/02\/Mathe-im-Advent-Realschule-Kollnau-Waldkirch-Platz2-Beste-Sekundarschule-600x400.jpg 600w, https:\/\/www.sick-stiftung.org\/ges\/wp-content\/uploads\/2018\/02\/Mathe-im-Advent-Realschule-Kollnau-Waldkirch-Platz2-Beste-Sekundarschule-768x512.jpg 768w, https:\/\/www.sick-stiftung.org\/ges\/wp-content\/uploads\/2018\/02\/Mathe-im-Advent-Realschule-Kollnau-Waldkirch-Platz2-Beste-Sekundarschule-800x533.jpg 800w, https:\/\/www.sick-stiftung.org\/ges\/wp-content\/uploads\/2018\/02\/Mathe-im-Advent-Realschule-Kollnau-Waldkirch-Platz2-Beste-Sekundarschule-1024x682.jpg 1024w, https:\/\/www.sick-stiftung.org\/ges\/wp-content\/uploads\/2018\/02\/Mathe-im-Advent-Realschule-Kollnau-Waldkirch-Platz2-Beste-Sekundarschule-1200x800.jpg 1200w, https:\/\/www.sick-stiftung.org\/ges\/wp-content\/uploads\/2018\/02\/Mathe-im-Advent-Realschule-Kollnau-Waldkirch-Platz2-Beste-Sekundarschule.jpg 1280w\" sizes=\"(max-width: 1280px) 100vw, 1280px\" \/><\/a>\n\t\t\t<\/dt><\/dl><dl class='gallery-item'>\n\t\t\t<dt class='gallery-icon landscape'>\n\t\t\t\t<a data-rel=\"iLightbox[postimages]\" data-title=\"Mathe-im-Advent-Realschule-Rottweil-Platz3-Beste-Sekundarschule\" data-caption=\"\" href='https:\/\/www.sick-stiftung.org\/ges\/wp-content\/uploads\/2018\/02\/Mathe-im-Advent-Realschule-Rottweil-Platz3-Beste-Sekundarschule.jpg'><img width=\"1280\" height=\"853\" src=\"https:\/\/www.sick-stiftung.org\/ges\/wp-content\/uploads\/2018\/02\/Mathe-im-Advent-Realschule-Rottweil-Platz3-Beste-Sekundarschule.jpg\" class=\"attachment-full size-full\" alt=\"\" srcset=\"https:\/\/www.sick-stiftung.org\/ges\/wp-content\/uploads\/2018\/02\/Mathe-im-Advent-Realschule-Rottweil-Platz3-Beste-Sekundarschule-200x133.jpg 200w, https:\/\/www.sick-stiftung.org\/ges\/wp-content\/uploads\/2018\/02\/Mathe-im-Advent-Realschule-Rottweil-Platz3-Beste-Sekundarschule-338x225.jpg 338w, https:\/\/www.sick-stiftung.org\/ges\/wp-content\/uploads\/2018\/02\/Mathe-im-Advent-Realschule-Rottweil-Platz3-Beste-Sekundarschule-400x267.jpg 400w, https:\/\/www.sick-stiftung.org\/ges\/wp-content\/uploads\/2018\/02\/Mathe-im-Advent-Realschule-Rottweil-Platz3-Beste-Sekundarschule-600x400.jpg 600w, https:\/\/www.sick-stiftung.org\/ges\/wp-content\/uploads\/2018\/02\/Mathe-im-Advent-Realschule-Rottweil-Platz3-Beste-Sekundarschule-768x512.jpg 768w, https:\/\/www.sick-stiftung.org\/ges\/wp-content\/uploads\/2018\/02\/Mathe-im-Advent-Realschule-Rottweil-Platz3-Beste-Sekundarschule-800x533.jpg 800w, https:\/\/www.sick-stiftung.org\/ges\/wp-content\/uploads\/2018\/02\/Mathe-im-Advent-Realschule-Rottweil-Platz3-Beste-Sekundarschule-1024x682.jpg 1024w, https:\/\/www.sick-stiftung.org\/ges\/wp-content\/uploads\/2018\/02\/Mathe-im-Advent-Realschule-Rottweil-Platz3-Beste-Sekundarschule-1200x800.jpg 1200w, https:\/\/www.sick-stiftung.org\/ges\/wp-content\/uploads\/2018\/02\/Mathe-im-Advent-Realschule-Rottweil-Platz3-Beste-Sekundarschule.jpg 1280w\" sizes=\"(max-width: 1280px) 100vw, 1280px\" \/><\/a>\n\t\t\t<\/dt><\/dl><dl class='gallery-item'>\n\t\t\t<dt class='gallery-icon landscape'>\n\t\t\t\t<a data-rel=\"iLightbox[postimages]\" data-title=\"Mathe-im-Advent-Realschule-Triberg-Kl10b-Platz3-Beste-Spaetstarterklasse\" data-caption=\"\" href='https:\/\/www.sick-stiftung.org\/ges\/wp-content\/uploads\/2018\/02\/Mathe-im-Advent-Realschule-Triberg-Kl10b-Platz3-Beste-Spaetstarterklasse.jpg'><img width=\"1280\" height=\"854\" src=\"https:\/\/www.sick-stiftung.org\/ges\/wp-content\/uploads\/2018\/02\/Mathe-im-Advent-Realschule-Triberg-Kl10b-Platz3-Beste-Spaetstarterklasse.jpg\" class=\"attachment-full size-full\" alt=\"\" srcset=\"https:\/\/www.sick-stiftung.org\/ges\/wp-content\/uploads\/2018\/02\/Mathe-im-Advent-Realschule-Triberg-Kl10b-Platz3-Beste-Spaetstarterklasse-200x133.jpg 200w, https:\/\/www.sick-stiftung.org\/ges\/wp-content\/uploads\/2018\/02\/Mathe-im-Advent-Realschule-Triberg-Kl10b-Platz3-Beste-Spaetstarterklasse-337x225.jpg 337w, https:\/\/www.sick-stiftung.org\/ges\/wp-content\/uploads\/2018\/02\/Mathe-im-Advent-Realschule-Triberg-Kl10b-Platz3-Beste-Spaetstarterklasse-400x267.jpg 400w, https:\/\/www.sick-stiftung.org\/ges\/wp-content\/uploads\/2018\/02\/Mathe-im-Advent-Realschule-Triberg-Kl10b-Platz3-Beste-Spaetstarterklasse-600x400.jpg 600w, https:\/\/www.sick-stiftung.org\/ges\/wp-content\/uploads\/2018\/02\/Mathe-im-Advent-Realschule-Triberg-Kl10b-Platz3-Beste-Spaetstarterklasse-768x512.jpg 768w, https:\/\/www.sick-stiftung.org\/ges\/wp-content\/uploads\/2018\/02\/Mathe-im-Advent-Realschule-Triberg-Kl10b-Platz3-Beste-Spaetstarterklasse-800x534.jpg 800w, https:\/\/www.sick-stiftung.org\/ges\/wp-content\/uploads\/2018\/02\/Mathe-im-Advent-Realschule-Triberg-Kl10b-Platz3-Beste-Spaetstarterklasse-1024x683.jpg 1024w, https:\/\/www.sick-stiftung.org\/ges\/wp-content\/uploads\/2018\/02\/Mathe-im-Advent-Realschule-Triberg-Kl10b-Platz3-Beste-Spaetstarterklasse-1200x801.jpg 1200w, https:\/\/www.sick-stiftung.org\/ges\/wp-content\/uploads\/2018\/02\/Mathe-im-Advent-Realschule-Triberg-Kl10b-Platz3-Beste-Spaetstarterklasse.jpg 1280w\" sizes=\"(max-width: 1280px) 100vw, 1280px\" \/><\/a>\n\t\t\t<\/dt><\/dl><dl class='gallery-item'>\n\t\t\t<dt class='gallery-icon landscape'>\n\t\t\t\t<a data-rel=\"iLightbox[postimages]\" data-title=\"Mathe-im-Advent-Sommerbergschule-Lenzkirch-Kl4a-Eulenklasse-Platz3-Beste-Klasse-Jahrgangsstufe-4\" data-caption=\"\" href='https:\/\/www.sick-stiftung.org\/ges\/wp-content\/uploads\/2018\/02\/Mathe-im-Advent-Sommerbergschule-Lenzkirch-Kl4a-Eulenklasse-Platz3-Beste-Klasse-Jahrgangsstufe-4.jpg'><img width=\"1280\" height=\"853\" src=\"https:\/\/www.sick-stiftung.org\/ges\/wp-content\/uploads\/2018\/02\/Mathe-im-Advent-Sommerbergschule-Lenzkirch-Kl4a-Eulenklasse-Platz3-Beste-Klasse-Jahrgangsstufe-4.jpg\" class=\"attachment-full size-full\" alt=\"Mathe-im-Advent-Sommerbergschule-Lenzkirch-Kl4a-Eulenklasse-Platz3-Beste-Klasse-Jahrgangsstufe-4\" srcset=\"https:\/\/www.sick-stiftung.org\/ges\/wp-content\/uploads\/2018\/02\/Mathe-im-Advent-Sommerbergschule-Lenzkirch-Kl4a-Eulenklasse-Platz3-Beste-Klasse-Jahrgangsstufe-4-200x133.jpg 200w, https:\/\/www.sick-stiftung.org\/ges\/wp-content\/uploads\/2018\/02\/Mathe-im-Advent-Sommerbergschule-Lenzkirch-Kl4a-Eulenklasse-Platz3-Beste-Klasse-Jahrgangsstufe-4-338x225.jpg 338w, https:\/\/www.sick-stiftung.org\/ges\/wp-content\/uploads\/2018\/02\/Mathe-im-Advent-Sommerbergschule-Lenzkirch-Kl4a-Eulenklasse-Platz3-Beste-Klasse-Jahrgangsstufe-4-400x267.jpg 400w, https:\/\/www.sick-stiftung.org\/ges\/wp-content\/uploads\/2018\/02\/Mathe-im-Advent-Sommerbergschule-Lenzkirch-Kl4a-Eulenklasse-Platz3-Beste-Klasse-Jahrgangsstufe-4-600x400.jpg 600w, https:\/\/www.sick-stiftung.org\/ges\/wp-content\/uploads\/2018\/02\/Mathe-im-Advent-Sommerbergschule-Lenzkirch-Kl4a-Eulenklasse-Platz3-Beste-Klasse-Jahrgangsstufe-4-768x512.jpg 768w, https:\/\/www.sick-stiftung.org\/ges\/wp-content\/uploads\/2018\/02\/Mathe-im-Advent-Sommerbergschule-Lenzkirch-Kl4a-Eulenklasse-Platz3-Beste-Klasse-Jahrgangsstufe-4-800x533.jpg 800w, https:\/\/www.sick-stiftung.org\/ges\/wp-content\/uploads\/2018\/02\/Mathe-im-Advent-Sommerbergschule-Lenzkirch-Kl4a-Eulenklasse-Platz3-Beste-Klasse-Jahrgangsstufe-4-1024x682.jpg 1024w, https:\/\/www.sick-stiftung.org\/ges\/wp-content\/uploads\/2018\/02\/Mathe-im-Advent-Sommerbergschule-Lenzkirch-Kl4a-Eulenklasse-Platz3-Beste-Klasse-Jahrgangsstufe-4-1200x800.jpg 1200w, https:\/\/www.sick-stiftung.org\/ges\/wp-content\/uploads\/2018\/02\/Mathe-im-Advent-Sommerbergschule-Lenzkirch-Kl4a-Eulenklasse-Platz3-Beste-Klasse-Jahrgangsstufe-4.jpg 1280w\" sizes=\"(max-width: 1280px) 100vw, 1280px\" \/><\/a>\n\t\t\t<\/dt><\/dl><br style=\"clear: both\" \/><dl class='gallery-item'>\n\t\t\t<dt class='gallery-icon landscape'>\n\t\t\t\t<a data-rel=\"iLightbox[postimages]\" data-title=\"Mathe-im-Advent-St-Ursula-Gymnasium-Freiburg-Kl7b-Platz2-Beste-Klasse-Jahrgangsstufe-7\" data-caption=\"\" href='https:\/\/www.sick-stiftung.org\/ges\/wp-content\/uploads\/2018\/02\/Mathe-im-Advent-St-Ursula-Gymnasium-Freiburg-Kl7b-Platz2-Beste-Klasse-Jahrgangsstufe-7.jpg'><img width=\"1280\" height=\"853\" src=\"https:\/\/www.sick-stiftung.org\/ges\/wp-content\/uploads\/2018\/02\/Mathe-im-Advent-St-Ursula-Gymnasium-Freiburg-Kl7b-Platz2-Beste-Klasse-Jahrgangsstufe-7.jpg\" class=\"attachment-full size-full\" alt=\"Mathe-im-Advent-St-Ursula-Gymnasium-Freiburg-Kl7b-Platz2-Beste-Klasse-Jahrgangsstufe-7\" srcset=\"https:\/\/www.sick-stiftung.org\/ges\/wp-content\/uploads\/2018\/02\/Mathe-im-Advent-St-Ursula-Gymnasium-Freiburg-Kl7b-Platz2-Beste-Klasse-Jahrgangsstufe-7-200x133.jpg 200w, https:\/\/www.sick-stiftung.org\/ges\/wp-content\/uploads\/2018\/02\/Mathe-im-Advent-St-Ursula-Gymnasium-Freiburg-Kl7b-Platz2-Beste-Klasse-Jahrgangsstufe-7-338x225.jpg 338w, https:\/\/www.sick-stiftung.org\/ges\/wp-content\/uploads\/2018\/02\/Mathe-im-Advent-St-Ursula-Gymnasium-Freiburg-Kl7b-Platz2-Beste-Klasse-Jahrgangsstufe-7-400x267.jpg 400w, https:\/\/www.sick-stiftung.org\/ges\/wp-content\/uploads\/2018\/02\/Mathe-im-Advent-St-Ursula-Gymnasium-Freiburg-Kl7b-Platz2-Beste-Klasse-Jahrgangsstufe-7-600x400.jpg 600w, https:\/\/www.sick-stiftung.org\/ges\/wp-content\/uploads\/2018\/02\/Mathe-im-Advent-St-Ursula-Gymnasium-Freiburg-Kl7b-Platz2-Beste-Klasse-Jahrgangsstufe-7-768x512.jpg 768w, https:\/\/www.sick-stiftung.org\/ges\/wp-content\/uploads\/2018\/02\/Mathe-im-Advent-St-Ursula-Gymnasium-Freiburg-Kl7b-Platz2-Beste-Klasse-Jahrgangsstufe-7-800x533.jpg 800w, https:\/\/www.sick-stiftung.org\/ges\/wp-content\/uploads\/2018\/02\/Mathe-im-Advent-St-Ursula-Gymnasium-Freiburg-Kl7b-Platz2-Beste-Klasse-Jahrgangsstufe-7-1024x682.jpg 1024w, https:\/\/www.sick-stiftung.org\/ges\/wp-content\/uploads\/2018\/02\/Mathe-im-Advent-St-Ursula-Gymnasium-Freiburg-Kl7b-Platz2-Beste-Klasse-Jahrgangsstufe-7-1200x800.jpg 1200w, https:\/\/www.sick-stiftung.org\/ges\/wp-content\/uploads\/2018\/02\/Mathe-im-Advent-St-Ursula-Gymnasium-Freiburg-Kl7b-Platz2-Beste-Klasse-Jahrgangsstufe-7.jpg 1280w\" sizes=\"(max-width: 1280px) 100vw, 1280px\" \/><\/a>\n\t\t\t<\/dt><\/dl><dl class='gallery-item'>\n\t\t\t<dt class='gallery-icon landscape'>\n\t\t\t\t<a data-rel=\"iLightbox[postimages]\" data-title=\"Mathe-im-Advent-St-Ursula-Gymnasium-Freiburg-Kl9e-Platz3-Beste-Klasse-Jahrgangsstufe-9\" data-caption=\"\" href='https:\/\/www.sick-stiftung.org\/ges\/wp-content\/uploads\/2018\/02\/Mathe-im-Advent-St-Ursula-Gymnasium-Freiburg-Kl9e-Platz3-Beste-Klasse-Jahrgangsstufe-9.jpg'><img width=\"1280\" height=\"854\" src=\"https:\/\/www.sick-stiftung.org\/ges\/wp-content\/uploads\/2018\/02\/Mathe-im-Advent-St-Ursula-Gymnasium-Freiburg-Kl9e-Platz3-Beste-Klasse-Jahrgangsstufe-9.jpg\" class=\"attachment-full size-full\" alt=\"Mathe-im-Advent-St-Ursula-Gymnasium-Freiburg-Kl9e-Platz3-Beste-Klasse-Jahrgangsstufe-9\" srcset=\"https:\/\/www.sick-stiftung.org\/ges\/wp-content\/uploads\/2018\/02\/Mathe-im-Advent-St-Ursula-Gymnasium-Freiburg-Kl9e-Platz3-Beste-Klasse-Jahrgangsstufe-9-200x133.jpg 200w, https:\/\/www.sick-stiftung.org\/ges\/wp-content\/uploads\/2018\/02\/Mathe-im-Advent-St-Ursula-Gymnasium-Freiburg-Kl9e-Platz3-Beste-Klasse-Jahrgangsstufe-9-337x225.jpg 337w, https:\/\/www.sick-stiftung.org\/ges\/wp-content\/uploads\/2018\/02\/Mathe-im-Advent-St-Ursula-Gymnasium-Freiburg-Kl9e-Platz3-Beste-Klasse-Jahrgangsstufe-9-400x267.jpg 400w, https:\/\/www.sick-stiftung.org\/ges\/wp-content\/uploads\/2018\/02\/Mathe-im-Advent-St-Ursula-Gymnasium-Freiburg-Kl9e-Platz3-Beste-Klasse-Jahrgangsstufe-9-600x400.jpg 600w, https:\/\/www.sick-stiftung.org\/ges\/wp-content\/uploads\/2018\/02\/Mathe-im-Advent-St-Ursula-Gymnasium-Freiburg-Kl9e-Platz3-Beste-Klasse-Jahrgangsstufe-9-768x512.jpg 768w, https:\/\/www.sick-stiftung.org\/ges\/wp-content\/uploads\/2018\/02\/Mathe-im-Advent-St-Ursula-Gymnasium-Freiburg-Kl9e-Platz3-Beste-Klasse-Jahrgangsstufe-9-800x534.jpg 800w, https:\/\/www.sick-stiftung.org\/ges\/wp-content\/uploads\/2018\/02\/Mathe-im-Advent-St-Ursula-Gymnasium-Freiburg-Kl9e-Platz3-Beste-Klasse-Jahrgangsstufe-9-1024x683.jpg 1024w, https:\/\/www.sick-stiftung.org\/ges\/wp-content\/uploads\/2018\/02\/Mathe-im-Advent-St-Ursula-Gymnasium-Freiburg-Kl9e-Platz3-Beste-Klasse-Jahrgangsstufe-9-1200x801.jpg 1200w, https:\/\/www.sick-stiftung.org\/ges\/wp-content\/uploads\/2018\/02\/Mathe-im-Advent-St-Ursula-Gymnasium-Freiburg-Kl9e-Platz3-Beste-Klasse-Jahrgangsstufe-9.jpg 1280w\" sizes=\"(max-width: 1280px) 100vw, 1280px\" \/><\/a>\n\t\t\t<\/dt><\/dl><dl class='gallery-item'>\n\t\t\t<dt class='gallery-icon landscape'>\n\t\t\t\t<a data-rel=\"iLightbox[postimages]\" data-title=\"Mathe-im-Advent-Staudinger-Gesamtschule-Freiburg-Platz2-Beste-Gesamt-Gemeinschaftsschule\" data-caption=\"\" href='https:\/\/www.sick-stiftung.org\/ges\/wp-content\/uploads\/2018\/02\/Mathe-im-Advent-Staudinger-Gesamtschule-Freiburg-Platz2-Beste-Gesamt-Gemeinschaftsschule.jpg'><img width=\"1280\" height=\"853\" src=\"https:\/\/www.sick-stiftung.org\/ges\/wp-content\/uploads\/2018\/02\/Mathe-im-Advent-Staudinger-Gesamtschule-Freiburg-Platz2-Beste-Gesamt-Gemeinschaftsschule.jpg\" class=\"attachment-full size-full\" alt=\"Mathe-im-Advent-Staudinger-Gesamtschule-Freiburg-Platz2-Beste-Gesamt-Gemeinschaftsschule\" srcset=\"https:\/\/www.sick-stiftung.org\/ges\/wp-content\/uploads\/2018\/02\/Mathe-im-Advent-Staudinger-Gesamtschule-Freiburg-Platz2-Beste-Gesamt-Gemeinschaftsschule-200x133.jpg 200w, https:\/\/www.sick-stiftung.org\/ges\/wp-content\/uploads\/2018\/02\/Mathe-im-Advent-Staudinger-Gesamtschule-Freiburg-Platz2-Beste-Gesamt-Gemeinschaftsschule-338x225.jpg 338w, https:\/\/www.sick-stiftung.org\/ges\/wp-content\/uploads\/2018\/02\/Mathe-im-Advent-Staudinger-Gesamtschule-Freiburg-Platz2-Beste-Gesamt-Gemeinschaftsschule-400x267.jpg 400w, https:\/\/www.sick-stiftung.org\/ges\/wp-content\/uploads\/2018\/02\/Mathe-im-Advent-Staudinger-Gesamtschule-Freiburg-Platz2-Beste-Gesamt-Gemeinschaftsschule-600x400.jpg 600w, https:\/\/www.sick-stiftung.org\/ges\/wp-content\/uploads\/2018\/02\/Mathe-im-Advent-Staudinger-Gesamtschule-Freiburg-Platz2-Beste-Gesamt-Gemeinschaftsschule-768x512.jpg 768w, https:\/\/www.sick-stiftung.org\/ges\/wp-content\/uploads\/2018\/02\/Mathe-im-Advent-Staudinger-Gesamtschule-Freiburg-Platz2-Beste-Gesamt-Gemeinschaftsschule-800x533.jpg 800w, https:\/\/www.sick-stiftung.org\/ges\/wp-content\/uploads\/2018\/02\/Mathe-im-Advent-Staudinger-Gesamtschule-Freiburg-Platz2-Beste-Gesamt-Gemeinschaftsschule-1024x682.jpg 1024w, https:\/\/www.sick-stiftung.org\/ges\/wp-content\/uploads\/2018\/02\/Mathe-im-Advent-Staudinger-Gesamtschule-Freiburg-Platz2-Beste-Gesamt-Gemeinschaftsschule-1200x800.jpg 1200w, https:\/\/www.sick-stiftung.org\/ges\/wp-content\/uploads\/2018\/02\/Mathe-im-Advent-Staudinger-Gesamtschule-Freiburg-Platz2-Beste-Gesamt-Gemeinschaftsschule.jpg 1280w\" sizes=\"(max-width: 1280px) 100vw, 1280px\" \/><\/a>\n\t\t\t<\/dt><\/dl><dl class='gallery-item'>\n\t\t\t<dt class='gallery-icon landscape'>\n\t\t\t\t<a data-rel=\"iLightbox[postimages]\" data-title=\"Mathe-im-Advent-Staudinger-Gesamtschule-Freiburg-Kl7d-Platz1-Beste-Klasse-Jahrgangsstufe-7\" data-caption=\"\" href='https:\/\/www.sick-stiftung.org\/ges\/wp-content\/uploads\/2018\/02\/Mathe-im-Advent-Staudinger-Gesamtschule-Freiburg-Kl7d-Platz1-Beste-Klasse-Jahrgangsstufe-7.jpg'><img width=\"1148\" height=\"765\" src=\"https:\/\/www.sick-stiftung.org\/ges\/wp-content\/uploads\/2018\/02\/Mathe-im-Advent-Staudinger-Gesamtschule-Freiburg-Kl7d-Platz1-Beste-Klasse-Jahrgangsstufe-7.jpg\" class=\"attachment-full size-full\" alt=\"Mathe-im-Advent-Staudinger-Gesamtschule-Freiburg-Kl7d-Platz1-Beste-Klasse-Jahrgangsstufe-7\" srcset=\"https:\/\/www.sick-stiftung.org\/ges\/wp-content\/uploads\/2018\/02\/Mathe-im-Advent-Staudinger-Gesamtschule-Freiburg-Kl7d-Platz1-Beste-Klasse-Jahrgangsstufe-7-200x133.jpg 200w, https:\/\/www.sick-stiftung.org\/ges\/wp-content\/uploads\/2018\/02\/Mathe-im-Advent-Staudinger-Gesamtschule-Freiburg-Kl7d-Platz1-Beste-Klasse-Jahrgangsstufe-7-338x225.jpg 338w, https:\/\/www.sick-stiftung.org\/ges\/wp-content\/uploads\/2018\/02\/Mathe-im-Advent-Staudinger-Gesamtschule-Freiburg-Kl7d-Platz1-Beste-Klasse-Jahrgangsstufe-7-400x267.jpg 400w, https:\/\/www.sick-stiftung.org\/ges\/wp-content\/uploads\/2018\/02\/Mathe-im-Advent-Staudinger-Gesamtschule-Freiburg-Kl7d-Platz1-Beste-Klasse-Jahrgangsstufe-7-600x400.jpg 600w, https:\/\/www.sick-stiftung.org\/ges\/wp-content\/uploads\/2018\/02\/Mathe-im-Advent-Staudinger-Gesamtschule-Freiburg-Kl7d-Platz1-Beste-Klasse-Jahrgangsstufe-7-768x512.jpg 768w, https:\/\/www.sick-stiftung.org\/ges\/wp-content\/uploads\/2018\/02\/Mathe-im-Advent-Staudinger-Gesamtschule-Freiburg-Kl7d-Platz1-Beste-Klasse-Jahrgangsstufe-7-800x533.jpg 800w, https:\/\/www.sick-stiftung.org\/ges\/wp-content\/uploads\/2018\/02\/Mathe-im-Advent-Staudinger-Gesamtschule-Freiburg-Kl7d-Platz1-Beste-Klasse-Jahrgangsstufe-7-1024x682.jpg 1024w, https:\/\/www.sick-stiftung.org\/ges\/wp-content\/uploads\/2018\/02\/Mathe-im-Advent-Staudinger-Gesamtschule-Freiburg-Kl7d-Platz1-Beste-Klasse-Jahrgangsstufe-7.jpg 1148w\" sizes=\"(max-width: 1148px) 100vw, 1148px\" \/><\/a>\n\t\t\t<\/dt><\/dl><br style=\"clear: both\" \/>\n\t\t<\/div>\n\n<\/div><div class=\"nav fusion-mobile-tab-nav\"><ul class=\"nav-tabs\"><li><a class=\"tab-link\" data-toggle=\"tab\" role=\"tab\" aria-controls=\"tab-b37f58c4712be3e3160\" aria-selected=\"false\" tabindex=\"-1\" id=\"mobile-fusion-tab-impressionen\" href=\"#tab-b37f58c4712be3e3160\"><h4 class=\"fusion-tab-heading\">Impressionen<\/h4><\/a><\/li><\/ul><\/div><div class=\"tab-pane fade fusion-clearfix\" role=\"tabpanel\" tabindex=\"0\" aria-labelledby=\"fusion-tab-impressionen\" id=\"tab-b37f58c4712be3e3160\">\n\n\t\t<style type=\"text\/css\">\n\t\t\t#gallery-2 {\n\t\t\t\tmargin: auto;\n\t\t\t}\n\t\t\t#gallery-2 .gallery-item {\n\t\t\t\tfloat: left;\n\t\t\t\tmargin-top: 10px;\n\t\t\t\ttext-align: center;\n\t\t\t\twidth: 25%;\n\t\t\t}\n\t\t\t#gallery-2 img {\n\t\t\t\tborder: 2px solid #cfcfcf;\n\t\t\t}\n\t\t\t#gallery-2 .gallery-caption {\n\t\t\t\tmargin-left: 0;\n\t\t\t}\n\t\t\t\/* see gallery_shortcode() in wp-includes\/media.php *\/\n\t\t<\/style>\n\t\t<div id='gallery-2' class='gallery galleryid-2679 gallery-columns-4 gallery-size-thumbnail'><dl class='gallery-item'>\n\t\t\t<dt class='gallery-icon landscape'>\n\t\t\t\t<a data-rel=\"iLightbox[postimages]\" data-title=\"18MatheAdvent009\" data-caption=\"\" href='https:\/\/www.sick-stiftung.org\/ges\/wp-content\/uploads\/2018\/02\/18MatheAdvent009.jpg'><img width=\"400\" height=\"225\" src=\"https:\/\/www.sick-stiftung.org\/ges\/wp-content\/uploads\/2018\/02\/18MatheAdvent009-400x225.jpg\" class=\"attachment-thumbnail size-thumbnail\" alt=\"18MatheAdvent009\" \/><\/a>\n\t\t\t<\/dt><\/dl><dl class='gallery-item'>\n\t\t\t<dt class='gallery-icon landscape'>\n\t\t\t\t<a data-rel=\"iLightbox[postimages]\" data-title=\"18MatheAdvent011\" data-caption=\"\" href='https:\/\/www.sick-stiftung.org\/ges\/wp-content\/uploads\/2018\/02\/18MatheAdvent011.jpg'><img width=\"400\" height=\"225\" src=\"https:\/\/www.sick-stiftung.org\/ges\/wp-content\/uploads\/2018\/02\/18MatheAdvent011-400x225.jpg\" class=\"attachment-thumbnail size-thumbnail\" alt=\"18MatheAdvent011\" \/><\/a>\n\t\t\t<\/dt><\/dl><dl class='gallery-item'>\n\t\t\t<dt class='gallery-icon landscape'>\n\t\t\t\t<a data-rel=\"iLightbox[postimages]\" data-title=\"18MatheAdvent012\" data-caption=\"\" href='https:\/\/www.sick-stiftung.org\/ges\/wp-content\/uploads\/2018\/02\/18MatheAdvent012.jpg'><img width=\"400\" height=\"225\" src=\"https:\/\/www.sick-stiftung.org\/ges\/wp-content\/uploads\/2018\/02\/18MatheAdvent012-400x225.jpg\" class=\"attachment-thumbnail size-thumbnail\" alt=\"18MatheAdvent012\" \/><\/a>\n\t\t\t<\/dt><\/dl><dl class='gallery-item'>\n\t\t\t<dt class='gallery-icon landscape'>\n\t\t\t\t<a data-rel=\"iLightbox[postimages]\" data-title=\"18MatheAdvent013\" data-caption=\"\" href='https:\/\/www.sick-stiftung.org\/ges\/wp-content\/uploads\/2018\/02\/18MatheAdvent013.jpg'><img width=\"400\" height=\"225\" src=\"https:\/\/www.sick-stiftung.org\/ges\/wp-content\/uploads\/2018\/02\/18MatheAdvent013-400x225.jpg\" class=\"attachment-thumbnail size-thumbnail\" alt=\"18MatheAdvent013\" \/><\/a>\n\t\t\t<\/dt><\/dl><br style=\"clear: both\" \/><dl class='gallery-item'>\n\t\t\t<dt class='gallery-icon landscape'>\n\t\t\t\t<a data-rel=\"iLightbox[postimages]\" data-title=\"18MatheAdvent015\" data-caption=\"\" href='https:\/\/www.sick-stiftung.org\/ges\/wp-content\/uploads\/2018\/02\/18MatheAdvent015.jpg'><img width=\"400\" height=\"225\" src=\"https:\/\/www.sick-stiftung.org\/ges\/wp-content\/uploads\/2018\/02\/18MatheAdvent015-400x225.jpg\" class=\"attachment-thumbnail size-thumbnail\" alt=\"18MatheAdvent015\" \/><\/a>\n\t\t\t<\/dt><\/dl><dl class='gallery-item'>\n\t\t\t<dt class='gallery-icon landscape'>\n\t\t\t\t<a data-rel=\"iLightbox[postimages]\" data-title=\"18MatheAdvent021\" data-caption=\"\" href='https:\/\/www.sick-stiftung.org\/ges\/wp-content\/uploads\/2018\/02\/18MatheAdvent021.jpg'><img width=\"400\" height=\"225\" src=\"https:\/\/www.sick-stiftung.org\/ges\/wp-content\/uploads\/2018\/02\/18MatheAdvent021-400x225.jpg\" class=\"attachment-thumbnail size-thumbnail\" alt=\"18MatheAdvent021\" \/><\/a>\n\t\t\t<\/dt><\/dl><dl class='gallery-item'>\n\t\t\t<dt class='gallery-icon landscape'>\n\t\t\t\t<a data-rel=\"iLightbox[postimages]\" data-title=\"18MatheAdvent027\" data-caption=\"\" href='https:\/\/www.sick-stiftung.org\/ges\/wp-content\/uploads\/2018\/02\/18MatheAdvent027.jpg'><img width=\"400\" height=\"225\" src=\"https:\/\/www.sick-stiftung.org\/ges\/wp-content\/uploads\/2018\/02\/18MatheAdvent027-400x225.jpg\" class=\"attachment-thumbnail size-thumbnail\" alt=\"18MatheAdvent027\" \/><\/a>\n\t\t\t<\/dt><\/dl><dl class='gallery-item'>\n\t\t\t<dt class='gallery-icon landscape'>\n\t\t\t\t<a data-rel=\"iLightbox[postimages]\" data-title=\"18MatheAdvent030\" data-caption=\"\" href='https:\/\/www.sick-stiftung.org\/ges\/wp-content\/uploads\/2018\/02\/18MatheAdvent030.jpg'><img width=\"400\" height=\"225\" src=\"https:\/\/www.sick-stiftung.org\/ges\/wp-content\/uploads\/2018\/02\/18MatheAdvent030-400x225.jpg\" class=\"attachment-thumbnail size-thumbnail\" alt=\"18MatheAdvent030\" \/><\/a>\n\t\t\t<\/dt><\/dl><br style=\"clear: both\" \/><dl class='gallery-item'>\n\t\t\t<dt class='gallery-icon landscape'>\n\t\t\t\t<a data-rel=\"iLightbox[postimages]\" data-title=\"18MatheAdvent026\" data-caption=\"\" href='https:\/\/www.sick-stiftung.org\/ges\/wp-content\/uploads\/2018\/02\/18MatheAdvent026.jpg'><img width=\"400\" height=\"225\" src=\"https:\/\/www.sick-stiftung.org\/ges\/wp-content\/uploads\/2018\/02\/18MatheAdvent026-400x225.jpg\" class=\"attachment-thumbnail size-thumbnail\" alt=\"18MatheAdvent026\" \/><\/a>\n\t\t\t<\/dt><\/dl><dl class='gallery-item'>\n\t\t\t<dt class='gallery-icon landscape'>\n\t\t\t\t<a data-rel=\"iLightbox[postimages]\" data-title=\"18MatheAdvent031\" data-caption=\"\" href='https:\/\/www.sick-stiftung.org\/ges\/wp-content\/uploads\/2018\/02\/18MatheAdvent031.jpg'><img width=\"400\" height=\"225\" src=\"https:\/\/www.sick-stiftung.org\/ges\/wp-content\/uploads\/2018\/02\/18MatheAdvent031-400x225.jpg\" class=\"attachment-thumbnail size-thumbnail\" alt=\"18MatheAdvent031\" \/><\/a>\n\t\t\t<\/dt><\/dl><dl class='gallery-item'>\n\t\t\t<dt class='gallery-icon landscape'>\n\t\t\t\t<a data-rel=\"iLightbox[postimages]\" data-title=\"18MatheAdvent032\" data-caption=\"\" href='https:\/\/www.sick-stiftung.org\/ges\/wp-content\/uploads\/2018\/02\/18MatheAdvent032.jpg'><img width=\"400\" height=\"225\" src=\"https:\/\/www.sick-stiftung.org\/ges\/wp-content\/uploads\/2018\/02\/18MatheAdvent032-400x225.jpg\" class=\"attachment-thumbnail size-thumbnail\" alt=\"18MatheAdvent032\" \/><\/a>\n\t\t\t<\/dt><\/dl><dl class='gallery-item'>\n\t\t\t<dt class='gallery-icon landscape'>\n\t\t\t\t<a data-rel=\"iLightbox[postimages]\" data-title=\"18MatheAdvent033\" data-caption=\"\" href='https:\/\/www.sick-stiftung.org\/ges\/wp-content\/uploads\/2018\/02\/18MatheAdvent033.jpg'><img width=\"400\" height=\"225\" src=\"https:\/\/www.sick-stiftung.org\/ges\/wp-content\/uploads\/2018\/02\/18MatheAdvent033-400x225.jpg\" class=\"attachment-thumbnail size-thumbnail\" alt=\"18MatheAdvent033\" \/><\/a>\n\t\t\t<\/dt><\/dl><br style=\"clear: both\" \/><dl class='gallery-item'>\n\t\t\t<dt class='gallery-icon landscape'>\n\t\t\t\t<a data-rel=\"iLightbox[postimages]\" data-title=\"18MatheAdvent035\" data-caption=\"\" href='https:\/\/www.sick-stiftung.org\/ges\/wp-content\/uploads\/2018\/02\/18MatheAdvent035.jpg'><img width=\"400\" height=\"225\" src=\"https:\/\/www.sick-stiftung.org\/ges\/wp-content\/uploads\/2018\/02\/18MatheAdvent035-400x225.jpg\" class=\"attachment-thumbnail size-thumbnail\" alt=\"18MatheAdvent035\" \/><\/a>\n\t\t\t<\/dt><\/dl><dl class='gallery-item'>\n\t\t\t<dt class='gallery-icon landscape'>\n\t\t\t\t<a data-rel=\"iLightbox[postimages]\" data-title=\"18MatheAdvent037\" data-caption=\"\" href='https:\/\/www.sick-stiftung.org\/ges\/wp-content\/uploads\/2018\/02\/18MatheAdvent037.jpg'><img width=\"400\" height=\"225\" src=\"https:\/\/www.sick-stiftung.org\/ges\/wp-content\/uploads\/2018\/02\/18MatheAdvent037-400x225.jpg\" class=\"attachment-thumbnail size-thumbnail\" alt=\"18MatheAdvent037\" \/><\/a>\n\t\t\t<\/dt><\/dl><dl class='gallery-item'>\n\t\t\t<dt class='gallery-icon landscape'>\n\t\t\t\t<a data-rel=\"iLightbox[postimages]\" data-title=\"18MatheAdvent043\" data-caption=\"\" href='https:\/\/www.sick-stiftung.org\/ges\/wp-content\/uploads\/2018\/02\/18MatheAdvent043.jpg'><img width=\"400\" height=\"225\" src=\"https:\/\/www.sick-stiftung.org\/ges\/wp-content\/uploads\/2018\/02\/18MatheAdvent043-400x225.jpg\" class=\"attachment-thumbnail size-thumbnail\" alt=\"18MatheAdvent043\" \/><\/a>\n\t\t\t<\/dt><\/dl><dl class='gallery-item'>\n\t\t\t<dt class='gallery-icon landscape'>\n\t\t\t\t<a data-rel=\"iLightbox[postimages]\" data-title=\"18MatheAdvent044\" data-caption=\"\" href='https:\/\/www.sick-stiftung.org\/ges\/wp-content\/uploads\/2018\/02\/18MatheAdvent044.jpg'><img width=\"400\" height=\"225\" src=\"https:\/\/www.sick-stiftung.org\/ges\/wp-content\/uploads\/2018\/02\/18MatheAdvent044-400x225.jpg\" class=\"attachment-thumbnail size-thumbnail\" alt=\"18MatheAdvent044\" \/><\/a>\n\t\t\t<\/dt><\/dl><br style=\"clear: both\" \/><dl class='gallery-item'>\n\t\t\t<dt class='gallery-icon landscape'>\n\t\t\t\t<a data-rel=\"iLightbox[postimages]\" data-title=\"18MatheAdvent046\" data-caption=\"\" href='https:\/\/www.sick-stiftung.org\/ges\/wp-content\/uploads\/2018\/02\/18MatheAdvent046.jpg'><img width=\"400\" height=\"225\" src=\"https:\/\/www.sick-stiftung.org\/ges\/wp-content\/uploads\/2018\/02\/18MatheAdvent046-400x225.jpg\" class=\"attachment-thumbnail size-thumbnail\" alt=\"18MatheAdvent046\" \/><\/a>\n\t\t\t<\/dt><\/dl><dl class='gallery-item'>\n\t\t\t<dt class='gallery-icon landscape'>\n\t\t\t\t<a data-rel=\"iLightbox[postimages]\" data-title=\"18MatheAdvent063\" data-caption=\"\" href='https:\/\/www.sick-stiftung.org\/ges\/wp-content\/uploads\/2018\/02\/18MatheAdvent063.jpg'><img width=\"400\" height=\"225\" src=\"https:\/\/www.sick-stiftung.org\/ges\/wp-content\/uploads\/2018\/02\/18MatheAdvent063-400x225.jpg\" class=\"attachment-thumbnail size-thumbnail\" alt=\"18MatheAdvent063\" \/><\/a>\n\t\t\t<\/dt><\/dl><dl class='gallery-item'>\n\t\t\t<dt class='gallery-icon landscape'>\n\t\t\t\t<a data-rel=\"iLightbox[postimages]\" data-title=\"18MatheAdvent074\" data-caption=\"\" href='https:\/\/www.sick-stiftung.org\/ges\/wp-content\/uploads\/2018\/02\/18MatheAdvent074.jpg'><img width=\"400\" height=\"225\" src=\"https:\/\/www.sick-stiftung.org\/ges\/wp-content\/uploads\/2018\/02\/18MatheAdvent074-400x225.jpg\" class=\"attachment-thumbnail size-thumbnail\" alt=\"18MatheAdvent074\" \/><\/a>\n\t\t\t<\/dt><\/dl><dl class='gallery-item'>\n\t\t\t<dt class='gallery-icon landscape'>\n\t\t\t\t<a data-rel=\"iLightbox[postimages]\" data-title=\"18MatheAdvent075\" data-caption=\"\" href='https:\/\/www.sick-stiftung.org\/ges\/wp-content\/uploads\/2018\/02\/18MatheAdvent075.jpg'><img width=\"400\" height=\"225\" src=\"https:\/\/www.sick-stiftung.org\/ges\/wp-content\/uploads\/2018\/02\/18MatheAdvent075-400x225.jpg\" class=\"attachment-thumbnail size-thumbnail\" alt=\"18MatheAdvent075\" \/><\/a>\n\t\t\t<\/dt><\/dl><br style=\"clear: both\" \/><dl class='gallery-item'>\n\t\t\t<dt class='gallery-icon landscape'>\n\t\t\t\t<a data-rel=\"iLightbox[postimages]\" data-title=\"18MatheAdvent076\" data-caption=\"\" href='https:\/\/www.sick-stiftung.org\/ges\/wp-content\/uploads\/2018\/02\/18MatheAdvent076.jpg'><img width=\"400\" height=\"225\" src=\"https:\/\/www.sick-stiftung.org\/ges\/wp-content\/uploads\/2018\/02\/18MatheAdvent076-400x225.jpg\" class=\"attachment-thumbnail size-thumbnail\" alt=\"18MatheAdvent076\" \/><\/a>\n\t\t\t<\/dt><\/dl><dl class='gallery-item'>\n\t\t\t<dt class='gallery-icon landscape'>\n\t\t\t\t<a data-rel=\"iLightbox[postimages]\" data-title=\"18MatheAdvent078\" data-caption=\"\" href='https:\/\/www.sick-stiftung.org\/ges\/wp-content\/uploads\/2018\/02\/18MatheAdvent078.jpg'><img width=\"400\" height=\"225\" src=\"https:\/\/www.sick-stiftung.org\/ges\/wp-content\/uploads\/2018\/02\/18MatheAdvent078-400x225.jpg\" class=\"attachment-thumbnail size-thumbnail\" alt=\"18MatheAdvent078\" \/><\/a>\n\t\t\t<\/dt><\/dl><dl class='gallery-item'>\n\t\t\t<dt class='gallery-icon landscape'>\n\t\t\t\t<a data-rel=\"iLightbox[postimages]\" data-title=\"18MatheAdvent083\" data-caption=\"\" href='https:\/\/www.sick-stiftung.org\/ges\/wp-content\/uploads\/2018\/02\/18MatheAdvent083.jpg'><img width=\"400\" height=\"225\" src=\"https:\/\/www.sick-stiftung.org\/ges\/wp-content\/uploads\/2018\/02\/18MatheAdvent083-400x225.jpg\" class=\"attachment-thumbnail size-thumbnail\" alt=\"18MatheAdvent083\" \/><\/a>\n\t\t\t<\/dt><\/dl><dl class='gallery-item'>\n\t\t\t<dt class='gallery-icon landscape'>\n\t\t\t\t<a data-rel=\"iLightbox[postimages]\" data-title=\"18MatheAdvent114\" data-caption=\"\" href='https:\/\/www.sick-stiftung.org\/ges\/wp-content\/uploads\/2018\/02\/18MatheAdvent114.jpg'><img width=\"400\" height=\"225\" src=\"https:\/\/www.sick-stiftung.org\/ges\/wp-content\/uploads\/2018\/02\/18MatheAdvent114-400x225.jpg\" class=\"attachment-thumbnail size-thumbnail\" alt=\"18MatheAdvent114\" \/><\/a>\n\t\t\t<\/dt><\/dl><br style=\"clear: both\" \/><dl class='gallery-item'>\n\t\t\t<dt class='gallery-icon landscape'>\n\t\t\t\t<a data-rel=\"iLightbox[postimages]\" data-title=\"18MatheAdvent115\" data-caption=\"\" href='https:\/\/www.sick-stiftung.org\/ges\/wp-content\/uploads\/2018\/02\/18MatheAdvent115.jpg'><img width=\"400\" height=\"225\" src=\"https:\/\/www.sick-stiftung.org\/ges\/wp-content\/uploads\/2018\/02\/18MatheAdvent115-400x225.jpg\" class=\"attachment-thumbnail size-thumbnail\" alt=\"18MatheAdvent115\" \/><\/a>\n\t\t\t<\/dt><\/dl><dl class='gallery-item'>\n\t\t\t<dt class='gallery-icon landscape'>\n\t\t\t\t<a data-rel=\"iLightbox[postimages]\" data-title=\"18MatheAdvent116\" data-caption=\"\" href='https:\/\/www.sick-stiftung.org\/ges\/wp-content\/uploads\/2018\/02\/18MatheAdvent116.jpg'><img width=\"400\" height=\"225\" src=\"https:\/\/www.sick-stiftung.org\/ges\/wp-content\/uploads\/2018\/02\/18MatheAdvent116-400x225.jpg\" class=\"attachment-thumbnail size-thumbnail\" alt=\"18MatheAdvent116\" \/><\/a>\n\t\t\t<\/dt><\/dl><dl class='gallery-item'>\n\t\t\t<dt class='gallery-icon landscape'>\n\t\t\t\t<a data-rel=\"iLightbox[postimages]\" data-title=\"18MatheAdvent118\" data-caption=\"\" href='https:\/\/www.sick-stiftung.org\/ges\/wp-content\/uploads\/2018\/02\/18MatheAdvent118.jpg'><img width=\"400\" height=\"225\" src=\"https:\/\/www.sick-stiftung.org\/ges\/wp-content\/uploads\/2018\/02\/18MatheAdvent118-400x225.jpg\" class=\"attachment-thumbnail size-thumbnail\" alt=\"18MatheAdvent118\" \/><\/a>\n\t\t\t<\/dt><\/dl><dl class='gallery-item'>\n\t\t\t<dt class='gallery-icon landscape'>\n\t\t\t\t<a data-rel=\"iLightbox[postimages]\" data-title=\"18MatheAdvent121\" data-caption=\"\" href='https:\/\/www.sick-stiftung.org\/ges\/wp-content\/uploads\/2018\/02\/18MatheAdvent121.jpg'><img width=\"400\" height=\"225\" src=\"https:\/\/www.sick-stiftung.org\/ges\/wp-content\/uploads\/2018\/02\/18MatheAdvent121-400x225.jpg\" class=\"attachment-thumbnail size-thumbnail\" alt=\"18MatheAdvent121\" \/><\/a>\n\t\t\t<\/dt><\/dl><br style=\"clear: both\" \/><dl class='gallery-item'>\n\t\t\t<dt class='gallery-icon landscape'>\n\t\t\t\t<a data-rel=\"iLightbox[postimages]\" data-title=\"18MatheAdvent123\" data-caption=\"\" href='https:\/\/www.sick-stiftung.org\/ges\/wp-content\/uploads\/2018\/02\/18MatheAdvent123.jpg'><img width=\"400\" height=\"225\" src=\"https:\/\/www.sick-stiftung.org\/ges\/wp-content\/uploads\/2018\/02\/18MatheAdvent123-400x225.jpg\" class=\"attachment-thumbnail size-thumbnail\" alt=\"18MatheAdvent123\" \/><\/a>\n\t\t\t<\/dt><\/dl><dl class='gallery-item'>\n\t\t\t<dt class='gallery-icon landscape'>\n\t\t\t\t<a data-rel=\"iLightbox[postimages]\" data-title=\"18MatheAdvent127\" data-caption=\"\" href='https:\/\/www.sick-stiftung.org\/ges\/wp-content\/uploads\/2018\/02\/18MatheAdvent127.jpg'><img width=\"400\" height=\"225\" src=\"https:\/\/www.sick-stiftung.org\/ges\/wp-content\/uploads\/2018\/02\/18MatheAdvent127-400x225.jpg\" class=\"attachment-thumbnail size-thumbnail\" alt=\"18MatheAdvent127\" \/><\/a>\n\t\t\t<\/dt><\/dl><dl class='gallery-item'>\n\t\t\t<dt class='gallery-icon landscape'>\n\t\t\t\t<a data-rel=\"iLightbox[postimages]\" data-title=\"18MatheAdvent128\" data-caption=\"\" href='https:\/\/www.sick-stiftung.org\/ges\/wp-content\/uploads\/2018\/02\/18MatheAdvent128.jpg'><img width=\"400\" height=\"225\" src=\"https:\/\/www.sick-stiftung.org\/ges\/wp-content\/uploads\/2018\/02\/18MatheAdvent128-400x225.jpg\" class=\"attachment-thumbnail size-thumbnail\" alt=\"18MatheAdvent128\" \/><\/a>\n\t\t\t<\/dt><\/dl><dl class='gallery-item'>\n\t\t\t<dt class='gallery-icon landscape'>\n\t\t\t\t<a data-rel=\"iLightbox[postimages]\" data-title=\"18MatheAdvent134\" data-caption=\"\" href='https:\/\/www.sick-stiftung.org\/ges\/wp-content\/uploads\/2018\/02\/18MatheAdvent134.jpg'><img width=\"400\" height=\"225\" src=\"https:\/\/www.sick-stiftung.org\/ges\/wp-content\/uploads\/2018\/02\/18MatheAdvent134-400x225.jpg\" class=\"attachment-thumbnail size-thumbnail\" alt=\"18MatheAdvent134\" \/><\/a>\n\t\t\t<\/dt><\/dl><br style=\"clear: both\" \/><dl class='gallery-item'>\n\t\t\t<dt class='gallery-icon landscape'>\n\t\t\t\t<a data-rel=\"iLightbox[postimages]\" data-title=\"18MatheAdvent171\" data-caption=\"\" href='https:\/\/www.sick-stiftung.org\/ges\/wp-content\/uploads\/2018\/02\/18MatheAdvent171.jpg'><img width=\"400\" height=\"225\" src=\"https:\/\/www.sick-stiftung.org\/ges\/wp-content\/uploads\/2018\/02\/18MatheAdvent171-400x225.jpg\" class=\"attachment-thumbnail size-thumbnail\" alt=\"18MatheAdvent171\" \/><\/a>\n\t\t\t<\/dt><\/dl><dl class='gallery-item'>\n\t\t\t<dt class='gallery-icon landscape'>\n\t\t\t\t<a data-rel=\"iLightbox[postimages]\" data-title=\"18MatheAdvent172\" data-caption=\"\" href='https:\/\/www.sick-stiftung.org\/ges\/wp-content\/uploads\/2018\/02\/18MatheAdvent172.jpg'><img width=\"400\" height=\"225\" src=\"https:\/\/www.sick-stiftung.org\/ges\/wp-content\/uploads\/2018\/02\/18MatheAdvent172-400x225.jpg\" class=\"attachment-thumbnail size-thumbnail\" alt=\"18MatheAdvent172\" \/><\/a>\n\t\t\t<\/dt><\/dl><dl class='gallery-item'>\n\t\t\t<dt class='gallery-icon landscape'>\n\t\t\t\t<a data-rel=\"iLightbox[postimages]\" data-title=\"18MatheAdvent173\" data-caption=\"\" href='https:\/\/www.sick-stiftung.org\/ges\/wp-content\/uploads\/2018\/02\/18MatheAdvent173.jpg'><img width=\"400\" height=\"225\" src=\"https:\/\/www.sick-stiftung.org\/ges\/wp-content\/uploads\/2018\/02\/18MatheAdvent173-400x225.jpg\" class=\"attachment-thumbnail size-thumbnail\" alt=\"18MatheAdvent173\" \/><\/a>\n\t\t\t<\/dt><\/dl><dl class='gallery-item'>\n\t\t\t<dt class='gallery-icon landscape'>\n\t\t\t\t<a data-rel=\"iLightbox[postimages]\" data-title=\"18MatheAdvent174\" data-caption=\"\" href='https:\/\/www.sick-stiftung.org\/ges\/wp-content\/uploads\/2018\/02\/18MatheAdvent174.jpg'><img width=\"400\" height=\"225\" src=\"https:\/\/www.sick-stiftung.org\/ges\/wp-content\/uploads\/2018\/02\/18MatheAdvent174-400x225.jpg\" class=\"attachment-thumbnail size-thumbnail\" alt=\"18MatheAdvent174\" \/><\/a>\n\t\t\t<\/dt><\/dl><br style=\"clear: both\" \/><dl class='gallery-item'>\n\t\t\t<dt class='gallery-icon landscape'>\n\t\t\t\t<a data-rel=\"iLightbox[postimages]\" data-title=\"18MatheAdvent175\" data-caption=\"\" href='https:\/\/www.sick-stiftung.org\/ges\/wp-content\/uploads\/2018\/02\/18MatheAdvent175.jpg'><img width=\"400\" height=\"225\" src=\"https:\/\/www.sick-stiftung.org\/ges\/wp-content\/uploads\/2018\/02\/18MatheAdvent175-400x225.jpg\" class=\"attachment-thumbnail size-thumbnail\" alt=\"18MatheAdvent175\" \/><\/a>\n\t\t\t<\/dt><\/dl><dl class='gallery-item'>\n\t\t\t<dt class='gallery-icon landscape'>\n\t\t\t\t<a data-rel=\"iLightbox[postimages]\" data-title=\"18MatheAdvent176\" data-caption=\"\" href='https:\/\/www.sick-stiftung.org\/ges\/wp-content\/uploads\/2018\/02\/18MatheAdvent176.jpg'><img width=\"400\" height=\"225\" src=\"https:\/\/www.sick-stiftung.org\/ges\/wp-content\/uploads\/2018\/02\/18MatheAdvent176-400x225.jpg\" class=\"attachment-thumbnail size-thumbnail\" alt=\"18MatheAdvent176\" \/><\/a>\n\t\t\t<\/dt><\/dl><dl class='gallery-item'>\n\t\t\t<dt class='gallery-icon landscape'>\n\t\t\t\t<a data-rel=\"iLightbox[postimages]\" data-title=\"18MatheAdvent177\" data-caption=\"\" href='https:\/\/www.sick-stiftung.org\/ges\/wp-content\/uploads\/2018\/02\/18MatheAdvent177.jpg'><img width=\"400\" height=\"225\" src=\"https:\/\/www.sick-stiftung.org\/ges\/wp-content\/uploads\/2018\/02\/18MatheAdvent177-400x225.jpg\" class=\"attachment-thumbnail size-thumbnail\" alt=\"18MatheAdvent177\" \/><\/a>\n\t\t\t<\/dt><\/dl><dl class='gallery-item'>\n\t\t\t<dt class='gallery-icon landscape'>\n\t\t\t\t<a data-rel=\"iLightbox[postimages]\" data-title=\"18MatheAdvent181\" data-caption=\"\" href='https:\/\/www.sick-stiftung.org\/ges\/wp-content\/uploads\/2018\/02\/18MatheAdvent181.jpg'><img width=\"400\" height=\"225\" src=\"https:\/\/www.sick-stiftung.org\/ges\/wp-content\/uploads\/2018\/02\/18MatheAdvent181-400x225.jpg\" class=\"attachment-thumbnail size-thumbnail\" alt=\"18MatheAdvent181\" \/><\/a>\n\t\t\t<\/dt><\/dl><br style=\"clear: both\" \/><dl class='gallery-item'>\n\t\t\t<dt class='gallery-icon landscape'>\n\t\t\t\t<a data-rel=\"iLightbox[postimages]\" data-title=\"18MatheAdvent182\" data-caption=\"\" href='https:\/\/www.sick-stiftung.org\/ges\/wp-content\/uploads\/2018\/02\/18MatheAdvent182.jpg'><img width=\"400\" height=\"225\" src=\"https:\/\/www.sick-stiftung.org\/ges\/wp-content\/uploads\/2018\/02\/18MatheAdvent182-400x225.jpg\" class=\"attachment-thumbnail size-thumbnail\" alt=\"18MatheAdvent182\" \/><\/a>\n\t\t\t<\/dt><\/dl><dl class='gallery-item'>\n\t\t\t<dt class='gallery-icon landscape'>\n\t\t\t\t<a data-rel=\"iLightbox[postimages]\" data-title=\"18MatheAdvent185\" data-caption=\"\" href='https:\/\/www.sick-stiftung.org\/ges\/wp-content\/uploads\/2018\/02\/18MatheAdvent185.jpg'><img width=\"400\" height=\"225\" src=\"https:\/\/www.sick-stiftung.org\/ges\/wp-content\/uploads\/2018\/02\/18MatheAdvent185-400x225.jpg\" class=\"attachment-thumbnail size-thumbnail\" alt=\"18MatheAdvent185\" \/><\/a>\n\t\t\t<\/dt><\/dl><dl class='gallery-item'>\n\t\t\t<dt class='gallery-icon landscape'>\n\t\t\t\t<a data-rel=\"iLightbox[postimages]\" data-title=\"18MatheAdvent186\" data-caption=\"\" href='https:\/\/www.sick-stiftung.org\/ges\/wp-content\/uploads\/2018\/02\/18MatheAdvent186.jpg'><img width=\"400\" height=\"225\" src=\"https:\/\/www.sick-stiftung.org\/ges\/wp-content\/uploads\/2018\/02\/18MatheAdvent186-400x225.jpg\" class=\"attachment-thumbnail size-thumbnail\" alt=\"18MatheAdvent186\" \/><\/a>\n\t\t\t<\/dt><\/dl><dl class='gallery-item'>\n\t\t\t<dt class='gallery-icon landscape'>\n\t\t\t\t<a data-rel=\"iLightbox[postimages]\" data-title=\"18MatheAdvent188\" data-caption=\"\" href='https:\/\/www.sick-stiftung.org\/ges\/wp-content\/uploads\/2018\/02\/18MatheAdvent188.jpg'><img width=\"400\" height=\"225\" src=\"https:\/\/www.sick-stiftung.org\/ges\/wp-content\/uploads\/2018\/02\/18MatheAdvent188-400x225.jpg\" class=\"attachment-thumbnail size-thumbnail\" alt=\"18MatheAdvent188\" \/><\/a>\n\t\t\t<\/dt><\/dl><br style=\"clear: both\" \/>\n\t\t<\/div>\n\n<\/div><\/div><\/div><div class=\"fusion-clearfix\"><\/div><\/div><\/div><\/div><\/div>\n","protected":false},"excerpt":{"rendered":"","protected":false},"author":1,"featured_media":2860,"comment_status":"open","ping_status":"open","sticky":false,"template":"","format":"standard","meta":[],"categories":[1,22],"tags":[],"_links":{"self":[{"href":"https:\/\/www.sick-stiftung.org\/ges\/wp-json\/wp\/v2\/posts\/2679"}],"collection":[{"href":"https:\/\/www.sick-stiftung.org\/ges\/wp-json\/wp\/v2\/posts"}],"about":[{"href":"https:\/\/www.sick-stiftung.org\/ges\/wp-json\/wp\/v2\/types\/post"}],"author":[{"embeddable":true,"href":"https:\/\/www.sick-stiftung.org\/ges\/wp-json\/wp\/v2\/users\/1"}],"replies":[{"embeddable":true,"href":"https:\/\/www.sick-stiftung.org\/ges\/wp-json\/wp\/v2\/comments?post=2679"}],"version-history":[{"count":1,"href":"https:\/\/www.sick-stiftung.org\/ges\/wp-json\/wp\/v2\/posts\/2679\/revisions"}],"predecessor-version":[{"id":3628,"href":"https:\/\/www.sick-stiftung.org\/ges\/wp-json\/wp\/v2\/posts\/2679\/revisions\/3628"}],"wp:featuredmedia":[{"embeddable":true,"href":"https:\/\/www.sick-stiftung.org\/ges\/wp-json\/wp\/v2\/media\/2860"}],"wp:attachment":[{"href":"https:\/\/www.sick-stiftung.org\/ges\/wp-json\/wp\/v2\/media?parent=2679"}],"wp:term":[{"taxonomy":"category","embeddable":true,"href":"https:\/\/www.sick-stiftung.org\/ges\/wp-json\/wp\/v2\/categories?post=2679"},{"taxonomy":"post_tag","embeddable":true,"href":"https:\/\/www.sick-stiftung.org\/ges\/wp-json\/wp\/v2\/tags?post=2679"}],"curies":[{"name":"wp","href":"https:\/\/api.w.org\/{rel}","templated":true}]}}