{"id":2934,"date":"2018-10-04T11:33:01","date_gmt":"2018-10-04T09:33:01","guid":{"rendered":"https:\/\/www.sick-stiftung.org\/ges\/?p=2934"},"modified":"2019-05-02T11:45:34","modified_gmt":"2019-05-02T09:45:34","slug":"einweihung-des-schuelerforschungszentrums-in-waldkirch","status":"publish","type":"post","link":"https:\/\/www.sick-stiftung.org\/ges\/einweihung-des-schuelerforschungszentrums-in-waldkirch\/","title":{"rendered":"Einweihung des Sch\u00fclerforschungszentrums in Waldkirch"},"content":{"rendered":"<p><a href=\"https:\/\/www.sick-stiftung.org\/ges\/wp-content\/uploads\/2019\/02\/ges-sick-einweihung-sfz_news.jpg\"><img class=\"wp-image-2935 size-full\" src=\"https:\/\/www.sick-stiftung.org\/ges\/wp-content\/uploads\/2019\/02\/ges-sick-einweihung-sfz_news.jpg\" alt=\"ges-sick-einweihung-sfz_news\" width=\"2000\" height=\"1333\" srcset=\"https:\/\/www.sick-stiftung.org\/ges\/wp-content\/uploads\/2019\/02\/ges-sick-einweihung-sfz_news-200x133.jpg 200w, https:\/\/www.sick-stiftung.org\/ges\/wp-content\/uploads\/2019\/02\/ges-sick-einweihung-sfz_news-338x225.jpg 338w, https:\/\/www.sick-stiftung.org\/ges\/wp-content\/uploads\/2019\/02\/ges-sick-einweihung-sfz_news-400x267.jpg 400w, https:\/\/www.sick-stiftung.org\/ges\/wp-content\/uploads\/2019\/02\/ges-sick-einweihung-sfz_news-600x400.jpg 600w, https:\/\/www.sick-stiftung.org\/ges\/wp-content\/uploads\/2019\/02\/ges-sick-einweihung-sfz_news-768x512.jpg 768w, https:\/\/www.sick-stiftung.org\/ges\/wp-content\/uploads\/2019\/02\/ges-sick-einweihung-sfz_news-800x533.jpg 800w, https:\/\/www.sick-stiftung.org\/ges\/wp-content\/uploads\/2019\/02\/ges-sick-einweihung-sfz_news-1024x682.jpg 1024w, https:\/\/www.sick-stiftung.org\/ges\/wp-content\/uploads\/2019\/02\/ges-sick-einweihung-sfz_news-1200x800.jpg 1200w, https:\/\/www.sick-stiftung.org\/ges\/wp-content\/uploads\/2019\/02\/ges-sick-einweihung-sfz_news.jpg 2000w\" sizes=\"(max-width: 2000px) 100vw, 2000px\" \/><\/a><\/p>\n<p class=\"p1\"><strong><span class=\"s1\">Am 4. Oktober 2018 wurde der Standort Waldkirch des Sch\u00fclerforschungszentrums Region Freiburg im Dr. Erwin Sick Sch\u00fclerforschungshaus in der Merklinstra\u00dfe 19a offiziell eingeweiht. Zur Feierstunde geladen waren zahlreiche G\u00e4sten aus Politik, Wirtschaft und Schule den Standort. Als Ehrengast wurde Baden-W\u00fcrttembergs Kultusministerin Dr. Susanne Eisenmann empfangen. <\/span><\/strong><\/p>\n<p>In ihrer Begr\u00fc\u00dfung erinnerte Renate Sick-Glaser, Vorsitzende des Vorstands der Gisela und Erwin Sick Stiftung, daran, dass ihre Mutter Gisela Sick mit dem Bau des Bildungshauses und dem Erwerb des historischen Anwesens in der Merklinstra\u00dfe 19a die Weichen f\u00fcr das Sch\u00fclerforschungszentrum in Waldkirch gestellt habe. \u201eJunge Menschen f\u00fcr die Naturwissenschaften und Technik zu begeistern und ihnen eine gute Ausbildung zu erm\u00f6glichen, hat in unserer Familie Tradition\u201c, betonte Renate Sick-Glaser. Bereits ihr Vater habe stets gro\u00dfen Wert auf die Qualifizierung des Firmennachwuchses gelegt. In seinem Sinne wirke nun auch die Gisela und Erwin Sick Stiftung, die das Projekt ma\u00dfgeblich unterst\u00fctze. Dar\u00fcber hinaus wurde in W\u00fcrdigung der Verdienste ihres Vaters als Erfinder und Forscher auf dem Gebiet der Opto-Elektronik das neue Zuhause des Sch\u00fclerforschungszentrums in \u201eDr. Erwin Sick Sch\u00fclerforschungshaus\u201c umbenannt.<\/p>\n<p>\u201eIm Sch\u00fclerforschungszentrum lernen die Sch\u00fclerinnen und Sch\u00fcler durch das eigene Forschen und Experimentieren, wie spannend technische und naturwissenschaftliche Ph\u00e4nomene sein k\u00f6nnen. Das ist die beste Voraussetzung, um das Interesse an MINT-F\u00e4chern zu wecken, Potenziale zu entfalten und T\u00fcren bei der sp\u00e4teren Berufswahl dauerhaft zu \u00f6ffnen\u201c, sagte Kultusministerin Dr. Susanne Eisenmann.<\/p>\n<p>Auch der Oberb\u00fcrgermeister der Stadt Waldkirch Roman G\u00f6tzmann begr\u00fc\u00dfte das Engagement: \u201eWir freuen uns sehr \u00fcber diese au\u00dfergew\u00f6hnliche Initiative in unserer Stadt. Das neue Sch\u00fclerforschungszentrum ist eine hervorragende Erg\u00e4nzung zum etablierten, klassischen Schulsystem. Es erm\u00f6glicht uns, unmittelbarer auf den vielf\u00e4ltigen Wandel unserer Zeit zu reagieren und Waldkirchs Nachwuchs, den individuellen Talenten entsprechend, darauf vorzubereiten.\u201c<\/p>\n<p>Das SFZ sei offen f\u00fcr die interessierte Jugend, betonte Eberhard Schad, der erste Vorsitzende des Sch\u00fclerforschungszentrum Region Freiburg e. V.: \u201eWer in den Bereichen Mathematik, Informatik, Naturwissenschaften und Technik gerne t\u00fcftelt, erkundet und forscht, ist im SFZ willkommen \u2013 ganz egal, welche Schule er besucht. Schulnoten sind nebens\u00e4chlich, allein das Interesse z\u00e4hlt.\u201c In diesem Sinne werde das neue Geb\u00e4ude f\u00fcr das SFZ in Waldkirch ein Ort des T\u00fcftelns, Erkundens und Forschens sein.<\/p>\n<p>Die Leiter der angrenzenden Schulen \u2013 Geschwister-Scholl-Gymnasium, Berufliches Schulzentrum Waldkirch und Gemeinschaftsschule Kastelbergschule \u2013 begr\u00fc\u00dfen die M\u00f6glichkeiten f\u00fcr vielf\u00e4ltige Kontakte und Kooperationen mit dem SFZ. \u201eEs gibt bereits eine gelingende Kooperation auf Augenh\u00f6he und alle drei Schulleitungen unterst\u00fctzen und entwickeln das Sch\u00fclerforschungszentrum tatkr\u00e4ftig, weil die MINT-F\u00e4cher und die Qualifizierung der Sch\u00fclerinnen und Sch\u00fcler den Schulen am Herzen liegen\u201c, bekundeten Barbara Berhorst, Leiterin des Beruflichen Schulzentrums Waldkirch, Manfred Kasten, Leiter der Kastelbergschule, und Bernd Zickgraf, Leiter des Geschwister-Scholl-Gymnasiums.<\/p>\n<p><strong>Foto:<\/strong>\u00a0<em>Vordere Reihe (v.l.n.r.): Renate Sick-Glaser, Vorsitzende des Vorstands der Gisela und Erwin Sick Stiftung, Kultusministerin Dr. Susanne Eisenmann und ein Kursteilnehmer des SFZ.\u00a0 Hintere Reihe (v.l.n.r.): Dr. Martin Kr\u00e4mer, Vorstand der SICK AG, und Dr. Robert Bauer, Vorsitzender des Vorstands der SICK AG, Eberhard Schad, Vereinsvorsitzender des Sch\u00fclerforschungszentrum Region Freiburg e. V.<\/em><\/p>\n","protected":false},"excerpt":{"rendered":"<p>Am 4. Oktober 2018 wurde der Standort Waldkirch des Sch\u00fclerforschungszentrums Region Freiburg im Dr. Erwin Sick Sch\u00fclerforschungshaus in der Merklinstra\u00dfe 19a offiziell eingeweiht. Zur Feierstunde geladen waren zahlreiche G\u00e4sten aus Politik, Wirtschaft und Schule den Standort. Als Ehrengast wurde Baden-W\u00fcrttembergs Kultusministerin Dr. Susanne Eisenmann empfangen. In ihrer Begr\u00fc\u00dfung erinnerte Renate Sick-Glaser, Vorsitzende des Vorstands der [&hellip;]<\/p>\n","protected":false},"author":1,"featured_media":2935,"comment_status":"open","ping_status":"open","sticky":false,"template":"","format":"standard","meta":[],"categories":[1],"tags":[],"_links":{"self":[{"href":"https:\/\/www.sick-stiftung.org\/ges\/wp-json\/wp\/v2\/posts\/2934"}],"collection":[{"href":"https:\/\/www.sick-stiftung.org\/ges\/wp-json\/wp\/v2\/posts"}],"about":[{"href":"https:\/\/www.sick-stiftung.org\/ges\/wp-json\/wp\/v2\/types\/post"}],"author":[{"embeddable":true,"href":"https:\/\/www.sick-stiftung.org\/ges\/wp-json\/wp\/v2\/users\/1"}],"replies":[{"embeddable":true,"href":"https:\/\/www.sick-stiftung.org\/ges\/wp-json\/wp\/v2\/comments?post=2934"}],"version-history":[{"count":0,"href":"https:\/\/www.sick-stiftung.org\/ges\/wp-json\/wp\/v2\/posts\/2934\/revisions"}],"wp:featuredmedia":[{"embeddable":true,"href":"https:\/\/www.sick-stiftung.org\/ges\/wp-json\/wp\/v2\/media\/2935"}],"wp:attachment":[{"href":"https:\/\/www.sick-stiftung.org\/ges\/wp-json\/wp\/v2\/media?parent=2934"}],"wp:term":[{"taxonomy":"category","embeddable":true,"href":"https:\/\/www.sick-stiftung.org\/ges\/wp-json\/wp\/v2\/categories?post=2934"},{"taxonomy":"post_tag","embeddable":true,"href":"https:\/\/www.sick-stiftung.org\/ges\/wp-json\/wp\/v2\/tags?post=2934"}],"curies":[{"name":"wp","href":"https:\/\/api.w.org\/{rel}","templated":true}]}}