{"id":3731,"date":"2024-03-12T15:28:33","date_gmt":"2024-03-12T14:28:33","guid":{"rendered":"https:\/\/www.sick-stiftung.org\/ges\/?p=3731"},"modified":"2024-03-12T15:28:33","modified_gmt":"2024-03-12T14:28:33","slug":"preisverleihung-mathe-im-advent-2023","status":"publish","type":"post","link":"https:\/\/www.sick-stiftung.org\/ges\/preisverleihung-mathe-im-advent-2023\/","title":{"rendered":"Preisverleihung &#8222;Mathe im Advent 2023&#8220;"},"content":{"rendered":"<p>Bei der regionalen Preisverleihung von &#8222;Mathe im Advent 2023&#8220; im Gisela Sick Bildungshaus freuten sich wieder knapp 160 Sch\u00fclerinnen und Sch\u00fcler gemeinsam mit ihren Lehrkr\u00e4ften \u00fcber Urkunden und Preise.<\/p>\n<p>Mehr dazu in unseren Projekten!<\/p>\n","protected":false},"excerpt":{"rendered":"<p>Bei der regionalen Preisverleihung von &#8222;Mathe im Advent 2023&#8220; im Gisela Sick Bildungshaus freuten sich wieder knapp 160 Sch\u00fclerinnen und Sch\u00fcler gemeinsam mit ihren Lehrkr\u00e4ften \u00fcber Urkunden und Preise. Mehr dazu in unseren Projekten!<\/p>\n","protected":false},"author":2,"featured_media":3733,"comment_status":"open","ping_status":"open","sticky":false,"template":"","format":"standard","meta":[],"categories":[1],"tags":[],"_links":{"self":[{"href":"https:\/\/www.sick-stiftung.org\/ges\/wp-json\/wp\/v2\/posts\/3731"}],"collection":[{"href":"https:\/\/www.sick-stiftung.org\/ges\/wp-json\/wp\/v2\/posts"}],"about":[{"href":"https:\/\/www.sick-stiftung.org\/ges\/wp-json\/wp\/v2\/types\/post"}],"author":[{"embeddable":true,"href":"https:\/\/www.sick-stiftung.org\/ges\/wp-json\/wp\/v2\/users\/2"}],"replies":[{"embeddable":true,"href":"https:\/\/www.sick-stiftung.org\/ges\/wp-json\/wp\/v2\/comments?post=3731"}],"version-history":[{"count":2,"href":"https:\/\/www.sick-stiftung.org\/ges\/wp-json\/wp\/v2\/posts\/3731\/revisions"}],"predecessor-version":[{"id":3734,"href":"https:\/\/www.sick-stiftung.org\/ges\/wp-json\/wp\/v2\/posts\/3731\/revisions\/3734"}],"wp:featuredmedia":[{"embeddable":true,"href":"https:\/\/www.sick-stiftung.org\/ges\/wp-json\/wp\/v2\/media\/3733"}],"wp:attachment":[{"href":"https:\/\/www.sick-stiftung.org\/ges\/wp-json\/wp\/v2\/media?parent=3731"}],"wp:term":[{"taxonomy":"category","embeddable":true,"href":"https:\/\/www.sick-stiftung.org\/ges\/wp-json\/wp\/v2\/categories?post=3731"},{"taxonomy":"post_tag","embeddable":true,"href":"https:\/\/www.sick-stiftung.org\/ges\/wp-json\/wp\/v2\/tags?post=3731"}],"curies":[{"name":"wp","href":"https:\/\/api.w.org\/{rel}","templated":true}]}}