{"id":3959,"date":"2025-05-28T10:36:25","date_gmt":"2025-05-28T08:36:25","guid":{"rendered":"https:\/\/www.sick-stiftung.org\/ges\/?p=3959"},"modified":"2025-05-28T10:38:40","modified_gmt":"2025-05-28T08:38:40","slug":"mint-trifft-dgs-wissenschaft-inklusiv-erleben","status":"publish","type":"post","link":"https:\/\/www.sick-stiftung.org\/ges\/mint-trifft-dgs-wissenschaft-inklusiv-erleben\/","title":{"rendered":"MINT trifft DGS &#8211; Wissenschaft inklusiv erleben"},"content":{"rendered":"<div class=\"fusion-fullwidth fullwidth-box fusion-builder-row-1 fusion-flex-container nonhundred-percent-fullwidth non-hundred-percent-height-scrolling\" style=\"background-color: rgba(255,255,255,0);background-position: center center;background-repeat: no-repeat;border-width: 0px 0px 0px 0px;border-color:#eae9e9;border-style:solid;\" ><div class=\"fusion-builder-row fusion-row fusion-flex-align-items-flex-start\" style=\"max-width:1144px;margin-left: calc(-4% \/ 2 );margin-right: calc(-4% \/ 2 );\"><div class=\"fusion-layout-column fusion_builder_column fusion-builder-column-0 fusion_builder_column_1_1 1_1 fusion-flex-column\"><div class=\"fusion-column-wrapper fusion-flex-justify-content-flex-start fusion-content-layout-column\" style=\"background-position:left top;background-repeat:no-repeat;-webkit-background-size:cover;-moz-background-size:cover;-o-background-size:cover;background-size:cover;padding: 0px 0px 0px 0px;\"><div class=\"fusion-text fusion-text-1\" style=\"transform:translate3d(0,0,0);\"><p><span data-olk-copy-source=\"MessageBody\">Im Sommersemester 2025 geben Lehramtsstudierende interaktive MINT-Workshops in deutscher Geb\u00e4rdensprache f\u00fcr Klassen mit Unterst\u00fctzungsbedarf im Bereich H\u00f6ren und Sprache am BBZ Stegen. Die Workshops erarbeiten sie zuvor in einem gemeinsamen Seminar des Zentrums f\u00fcr MINT-Bildung (ICSE) und des Instituts f\u00fcr Sonderp\u00e4dagogik der PH Freiburg sprachlich, inhaltlich sowie didaktisch.<\/span><\/p>\n<p>In den letzten Jahren gab es an vielen Schulen mit F\u00f6rderschwerpunkt H\u00f6ren und Kommunikation eine positive Entwicklung hin zu bimodal-bilingualen Unterrichtskonzepten mit Deutscher Geb\u00e4rdensprache. Wir m\u00f6chten diese Entwicklung unterst\u00fctzen.<\/p>\n<\/div><\/div><\/div><style type=\"text\/css\">.fusion-body .fusion-builder-column-0{width:100% !important;margin-top : 0px;margin-bottom : 20px;}.fusion-builder-column-0 > .fusion-column-wrapper {padding-top : 0px !important;padding-right : 0px !important;margin-right : 1.92%;padding-bottom : 0px !important;padding-left : 0px !important;margin-left : 1.92%;}@media only screen and (max-width:1024px) {.fusion-body .fusion-builder-column-0{width:100% !important;order : 0;}.fusion-builder-column-0 > .fusion-column-wrapper {margin-right : 1.92%;margin-left : 1.92%;}}@media only screen and (max-width:640px) {.fusion-body .fusion-builder-column-0{width:100% !important;order : 0;}.fusion-builder-column-0 > .fusion-column-wrapper {margin-right : 1.92%;margin-left : 1.92%;}}<\/style><div class=\"fusion-layout-column fusion_builder_column fusion-builder-column-1 fusion_builder_column_1_1 1_1 fusion-flex-column\"><div class=\"fusion-column-wrapper fusion-flex-justify-content-flex-start fusion-content-layout-column\" style=\"background-position:left top;background-repeat:no-repeat;-webkit-background-size:cover;-moz-background-size:cover;-o-background-size:cover;background-size:cover;padding: 0px 0px 0px 0px;\"><style type=\"text\/css\">.fusion-gallery-1 .fusion-gallery-image {border:0px solid #f6f6f6;}<\/style><div class=\"fusion-gallery fusion-gallery-container fusion-grid-4 fusion-columns-total-4 fusion-gallery-layout-grid fusion-gallery-1\" style=\"margin:-5px;\"><div style=\"padding:5px;\" class=\"fusion-grid-column fusion-gallery-column fusion-gallery-column-4 hover-type-none\"><div class=\"fusion-gallery-image\"><a href=\"https:\/\/www.sick-stiftung.org\/ges\/wp-content\/uploads\/2025\/05\/Seifenblasen-schweben-auf-CO2-scaled.jpg\" rel=\"noreferrer\" data-rel=\"iLightbox[gallery_image_1]\" class=\"fusion-lightbox\" target=\"_self\"><img src=\"https:\/\/www.sick-stiftung.org\/ges\/wp-content\/uploads\/2025\/05\/Seifenblasen-schweben-auf-CO2-320x202.jpg\" width=\"320\" height=\"202\" alt=\"\" title=\"Seifenblasen schweben auf CO2\" aria-label=\"Seifenblasen schweben auf CO2\" class=\"img-responsive wp-image-3962 fusion-gallery-image-size-fixed\" \/><\/a><\/div><\/div><div style=\"padding:5px;\" class=\"fusion-grid-column fusion-gallery-column fusion-gallery-column-4 hover-type-none\"><div class=\"fusion-gallery-image\"><a href=\"https:\/\/www.sick-stiftung.org\/ges\/wp-content\/uploads\/2025\/05\/Luftballon-mit-CO2-faellt-schneller-scaled.jpg\" rel=\"noreferrer\" data-rel=\"iLightbox[gallery_image_1]\" class=\"fusion-lightbox\" target=\"_self\"><img src=\"https:\/\/www.sick-stiftung.org\/ges\/wp-content\/uploads\/2025\/05\/Luftballon-mit-CO2-faellt-schneller-320x202.jpg\" width=\"320\" height=\"202\" alt=\"\" title=\"Luftballon mit CO2 f\u00e4llt schneller\" aria-label=\"Luftballon mit CO2 f\u00e4llt schneller\" class=\"img-responsive wp-image-3961 fusion-gallery-image-size-fixed\" \/><\/a><\/div><\/div><div style=\"padding:5px;\" class=\"fusion-grid-column fusion-gallery-column fusion-gallery-column-4 hover-type-none\"><div class=\"fusion-gallery-image\"><a href=\"https:\/\/www.sick-stiftung.org\/ges\/wp-content\/uploads\/2025\/05\/Ausschuetten-restlicher-Stickstoff.jpg\" rel=\"noreferrer\" data-rel=\"iLightbox[gallery_image_1]\" class=\"fusion-lightbox\" target=\"_self\"><img src=\"https:\/\/www.sick-stiftung.org\/ges\/wp-content\/uploads\/2025\/05\/Ausschuetten-restlicher-Stickstoff-320x202.jpg\" width=\"320\" height=\"202\" alt=\"\" title=\"Aussch\u00fctten restlicher Stickstoff\" aria-label=\"Aussch\u00fctten restlicher Stickstoff\" class=\"img-responsive wp-image-3960 fusion-gallery-image-size-fixed\" \/><\/a><\/div><\/div><div style=\"padding:5px;\" class=\"fusion-grid-column fusion-gallery-column fusion-gallery-column-4 hover-type-none\"><div class=\"fusion-gallery-image\"><a href=\"https:\/\/www.sick-stiftung.org\/ges\/wp-content\/uploads\/2025\/05\/Trockeneis-in-heissem-Wasser-scaled.jpg\" rel=\"noreferrer\" data-rel=\"iLightbox[gallery_image_1]\" class=\"fusion-lightbox\" target=\"_self\"><img src=\"https:\/\/www.sick-stiftung.org\/ges\/wp-content\/uploads\/2025\/05\/Trockeneis-in-heissem-Wasser-320x202.jpg\" width=\"320\" height=\"202\" alt=\"\" title=\"Trockeneis in hei\u00dfem Wasser\" aria-label=\"Trockeneis in hei\u00dfem Wasser\" class=\"img-responsive wp-image-3963 fusion-gallery-image-size-fixed\" \/><\/a><\/div><\/div><div class=\"clearfix\"><\/div><\/div><div class=\"fusion-text fusion-text-2\" style=\"transform:translate3d(0,0,0);\"><p>Fotos: PH Freiburg, <span data-olk-copy-source=\"MessageBody\">STEM Education \/ Didaktik der Mathematik und Naturwissenschaften<\/span><\/p>\n<\/div><\/div><\/div><style type=\"text\/css\">.fusion-body .fusion-builder-column-1{width:100% !important;margin-top : 0px;margin-bottom : 20px;}.fusion-builder-column-1 > .fusion-column-wrapper {padding-top : 0px !important;padding-right : 0px !important;margin-right : 1.92%;padding-bottom : 0px !important;padding-left : 0px !important;margin-left : 1.92%;}@media only screen and (max-width:1024px) {.fusion-body .fusion-builder-column-1{width:100% !important;order : 0;}.fusion-builder-column-1 > .fusion-column-wrapper {margin-right : 1.92%;margin-left : 1.92%;}}@media only screen and (max-width:640px) {.fusion-body .fusion-builder-column-1{width:100% !important;order : 0;}.fusion-builder-column-1 > .fusion-column-wrapper {margin-right : 1.92%;margin-left : 1.92%;}}<\/style><\/div><style type=\"text\/css\">.fusion-body .fusion-flex-container.fusion-builder-row-1{ padding-top : 0px;margin-top : 0px;padding-right : 0px;padding-bottom : 0px;margin-bottom : 0px;padding-left : 0px;}<\/style><\/div>\n","protected":false},"excerpt":{"rendered":"","protected":false},"author":2,"featured_media":3964,"comment_status":"open","ping_status":"open","sticky":false,"template":"","format":"standard","meta":[],"categories":[1,20,22],"tags":[],"_links":{"self":[{"href":"https:\/\/www.sick-stiftung.org\/ges\/wp-json\/wp\/v2\/posts\/3959"}],"collection":[{"href":"https:\/\/www.sick-stiftung.org\/ges\/wp-json\/wp\/v2\/posts"}],"about":[{"href":"https:\/\/www.sick-stiftung.org\/ges\/wp-json\/wp\/v2\/types\/post"}],"author":[{"embeddable":true,"href":"https:\/\/www.sick-stiftung.org\/ges\/wp-json\/wp\/v2\/users\/2"}],"replies":[{"embeddable":true,"href":"https:\/\/www.sick-stiftung.org\/ges\/wp-json\/wp\/v2\/comments?post=3959"}],"version-history":[{"count":6,"href":"https:\/\/www.sick-stiftung.org\/ges\/wp-json\/wp\/v2\/posts\/3959\/revisions"}],"predecessor-version":[{"id":3970,"href":"https:\/\/www.sick-stiftung.org\/ges\/wp-json\/wp\/v2\/posts\/3959\/revisions\/3970"}],"wp:featuredmedia":[{"embeddable":true,"href":"https:\/\/www.sick-stiftung.org\/ges\/wp-json\/wp\/v2\/media\/3964"}],"wp:attachment":[{"href":"https:\/\/www.sick-stiftung.org\/ges\/wp-json\/wp\/v2\/media?parent=3959"}],"wp:term":[{"taxonomy":"category","embeddable":true,"href":"https:\/\/www.sick-stiftung.org\/ges\/wp-json\/wp\/v2\/categories?post=3959"},{"taxonomy":"post_tag","embeddable":true,"href":"https:\/\/www.sick-stiftung.org\/ges\/wp-json\/wp\/v2\/tags?post=3959"}],"curies":[{"name":"wp","href":"https:\/\/api.w.org\/{rel}","templated":true}]}}