{"id":4023,"date":"2025-12-09T13:30:02","date_gmt":"2025-12-09T12:30:02","guid":{"rendered":"https:\/\/www.sick-stiftung.org\/ges\/?p=4023"},"modified":"2025-12-10T11:45:42","modified_gmt":"2025-12-10T10:45:42","slug":"ihk-foerderpreisverleihung-2025","status":"publish","type":"post","link":"https:\/\/www.sick-stiftung.org\/ges\/ihk-foerderpreisverleihung-2025\/","title":{"rendered":"IHK F\u00f6rderpreisverleihung 2025"},"content":{"rendered":"<div class=\"fusion-fullwidth fullwidth-box fusion-builder-row-1 fusion-flex-container nonhundred-percent-fullwidth non-hundred-percent-height-scrolling\" style=\"background-color: rgba(255,255,255,0);background-position: center center;background-repeat: no-repeat;border-width: 0px 0px 0px 0px;border-color:#eae9e9;border-style:solid;\" ><div class=\"fusion-builder-row fusion-row fusion-flex-align-items-flex-start\" style=\"max-width:1144px;margin-left: calc(-4% \/ 2 );margin-right: calc(-4% \/ 2 );\"><div class=\"fusion-layout-column fusion_builder_column fusion-builder-column-0 fusion_builder_column_1_1 1_1 fusion-flex-column\"><div class=\"fusion-column-wrapper fusion-flex-justify-content-flex-start fusion-content-layout-column\" style=\"background-position:left top;background-repeat:no-repeat;-webkit-background-size:cover;-moz-background-size:cover;-o-background-size:cover;background-size:cover;padding: 0px 0px 0px 0px;\"><div class=\"fusion-text fusion-text-1\" style=\"transform:translate3d(0,0,0);\"><p>Mehr als 3.400 junge Menschen haben 2025 im IHK-Kammerbezirk ihre Ausbildung abgeschlossen. 36 von Ihnen bekamen f\u00fcr besondere Leistungen bei der F\u00f6rderpreisverleihung 2025 der IHK einen Preis verliehen.<\/p>\n<p>Bereits seit 40 Jahren vergibt die IHK diesen F\u00f6rderpreis und in diesem Jahr haben 37 Stifterinnen und Stifter Preisgelder in H\u00f6he von 91.000\u20ac vergeben.<\/p>\n<p>Die Gisela und Erwin Sick Stiftung freut sich, mit diesem F\u00f6rderpreis wieder zwei herausragende junge Menschen bei der Verwirklichung ihres weiteren beruflichen Weges unterst\u00fctzen zu k\u00f6nnen.<\/p>\n<p>Bei der Auswahl der Preistr\u00e4gerinnen und Preistr\u00e4ger ist nicht nur die Abschlussnote entscheidend, sondern vor allem auch die pers\u00f6nliche Motivation und das eigene Engagement \u2013 auch \u00fcber den Beruf hinaus, beispielsweise in ehrenamtlichen oder Vereinst\u00e4tigkeiten.<\/p>\n<p>Herzlichen Gl\u00fcckwunsch unseren beiden Preistr\u00e4gern!<\/p>\n<\/div><style type=\"text\/css\">.fusion-gallery-1 .fusion-gallery-image {border:0px solid #f6f6f6;}<\/style><div class=\"fusion-gallery fusion-gallery-container fusion-grid-4 fusion-columns-total-4 fusion-gallery-layout-grid fusion-gallery-1\" style=\"margin:-5px;\"><div style=\"padding:5px;\" class=\"fusion-grid-column fusion-gallery-column fusion-gallery-column-4 hover-type-none\"><div class=\"fusion-gallery-image\"><a href=\"https:\/\/www.sick-stiftung.org\/ges\/wp-content\/uploads\/2025\/12\/Impressionen_203-scaled.jpg\" rel=\"noreferrer\" data-rel=\"iLightbox[gallery_image_1]\" class=\"fusion-lightbox\" target=\"_self\"><img src=\"https:\/\/www.sick-stiftung.org\/ges\/wp-content\/uploads\/2025\/12\/Impressionen_203-320x202.jpg\" width=\"320\" height=\"202\" alt=\"\" title=\"Impressionen_203\" aria-label=\"Impressionen_203\" class=\"img-responsive wp-image-4027 fusion-gallery-image-size-fixed\" \/><\/a><\/div><\/div><div style=\"padding:5px;\" class=\"fusion-grid-column fusion-gallery-column fusion-gallery-column-4 hover-type-none\"><div class=\"fusion-gallery-image\"><a href=\"https:\/\/www.sick-stiftung.org\/ges\/wp-content\/uploads\/2025\/12\/Impressionen_013-scaled.jpg\" rel=\"noreferrer\" data-rel=\"iLightbox[gallery_image_1]\" class=\"fusion-lightbox\" target=\"_self\"><img src=\"https:\/\/www.sick-stiftung.org\/ges\/wp-content\/uploads\/2025\/12\/Impressionen_013-320x202.jpg\" width=\"320\" height=\"202\" alt=\"\" title=\"Impressionen_013\" aria-label=\"Impressionen_013\" class=\"img-responsive wp-image-4030 fusion-gallery-image-size-fixed\" \/><\/a><\/div><\/div><div style=\"padding:5px;\" class=\"fusion-grid-column fusion-gallery-column fusion-gallery-column-4 hover-type-none\"><div class=\"fusion-gallery-image\"><a href=\"https:\/\/www.sick-stiftung.org\/ges\/wp-content\/uploads\/2025\/12\/Impressionen_202-scaled.jpg\" rel=\"noreferrer\" data-rel=\"iLightbox[gallery_image_1]\" class=\"fusion-lightbox\" target=\"_self\"><img src=\"https:\/\/www.sick-stiftung.org\/ges\/wp-content\/uploads\/2025\/12\/Impressionen_202-320x202.jpg\" width=\"320\" height=\"202\" alt=\"\" title=\"Impressionen_202\" aria-label=\"Impressionen_202\" class=\"img-responsive wp-image-4028 fusion-gallery-image-size-fixed\" \/><\/a><\/div><\/div><div style=\"padding:5px;\" class=\"fusion-grid-column fusion-gallery-column fusion-gallery-column-4 hover-type-none\"><div class=\"fusion-gallery-image\"><a href=\"https:\/\/www.sick-stiftung.org\/ges\/wp-content\/uploads\/2025\/12\/Impressionen_002-scaled.jpg\" rel=\"noreferrer\" data-rel=\"iLightbox[gallery_image_1]\" class=\"fusion-lightbox\" target=\"_self\"><img src=\"https:\/\/www.sick-stiftung.org\/ges\/wp-content\/uploads\/2025\/12\/Impressionen_002-320x202.jpg\" width=\"320\" height=\"202\" alt=\"\" title=\"Impressionen_002\" aria-label=\"Impressionen_002\" class=\"img-responsive wp-image-4029 fusion-gallery-image-size-fixed\" \/><\/a><\/div><\/div><div class=\"clearfix\"><\/div><\/div><div class=\"fusion-text fusion-text-2\" style=\"transform:translate3d(0,0,0);\"><p style=\"text-align: right;\">Fotos: Markus Schwerer Fotografie<\/p>\n<\/div><\/div><\/div><style type=\"text\/css\">.fusion-body .fusion-builder-column-0{width:100% !important;margin-top : 0px;margin-bottom : 20px;}.fusion-builder-column-0 > .fusion-column-wrapper {padding-top : 0px !important;padding-right : 0px !important;margin-right : 1.92%;padding-bottom : 0px !important;padding-left : 0px !important;margin-left : 1.92%;}@media only screen and (max-width:1024px) {.fusion-body .fusion-builder-column-0{width:100% !important;order : 0;}.fusion-builder-column-0 > .fusion-column-wrapper {margin-right : 1.92%;margin-left : 1.92%;}}@media only screen and (max-width:640px) {.fusion-body .fusion-builder-column-0{width:100% !important;order : 0;}.fusion-builder-column-0 > .fusion-column-wrapper {margin-right : 1.92%;margin-left : 1.92%;}}<\/style><\/div><style type=\"text\/css\">.fusion-body .fusion-flex-container.fusion-builder-row-1{ padding-top : 0px;margin-top : 0px;padding-right : 0px;padding-bottom : 0px;margin-bottom : 0px;padding-left : 0px;}<\/style><\/div>\n","protected":false},"excerpt":{"rendered":"","protected":false},"author":2,"featured_media":4034,"comment_status":"open","ping_status":"open","sticky":false,"template":"","format":"standard","meta":[],"categories":[1],"tags":[],"_links":{"self":[{"href":"https:\/\/www.sick-stiftung.org\/ges\/wp-json\/wp\/v2\/posts\/4023"}],"collection":[{"href":"https:\/\/www.sick-stiftung.org\/ges\/wp-json\/wp\/v2\/posts"}],"about":[{"href":"https:\/\/www.sick-stiftung.org\/ges\/wp-json\/wp\/v2\/types\/post"}],"author":[{"embeddable":true,"href":"https:\/\/www.sick-stiftung.org\/ges\/wp-json\/wp\/v2\/users\/2"}],"replies":[{"embeddable":true,"href":"https:\/\/www.sick-stiftung.org\/ges\/wp-json\/wp\/v2\/comments?post=4023"}],"version-history":[{"count":10,"href":"https:\/\/www.sick-stiftung.org\/ges\/wp-json\/wp\/v2\/posts\/4023\/revisions"}],"predecessor-version":[{"id":4063,"href":"https:\/\/www.sick-stiftung.org\/ges\/wp-json\/wp\/v2\/posts\/4023\/revisions\/4063"}],"wp:featuredmedia":[{"embeddable":true,"href":"https:\/\/www.sick-stiftung.org\/ges\/wp-json\/wp\/v2\/media\/4034"}],"wp:attachment":[{"href":"https:\/\/www.sick-stiftung.org\/ges\/wp-json\/wp\/v2\/media?parent=4023"}],"wp:term":[{"taxonomy":"category","embeddable":true,"href":"https:\/\/www.sick-stiftung.org\/ges\/wp-json\/wp\/v2\/categories?post=4023"},{"taxonomy":"post_tag","embeddable":true,"href":"https:\/\/www.sick-stiftung.org\/ges\/wp-json\/wp\/v2\/tags?post=4023"}],"curies":[{"name":"wp","href":"https:\/\/api.w.org\/{rel}","templated":true}]}}